                       {"id":24632,"date":"2022-01-11T12:04:14","date_gmt":"2022-01-11T18:04:14","guid":{"rendered":"https:\/\/laultimapalabra.com.mx\/portal\/?p=24632"},"modified":"2024-12-11T11:15:57","modified_gmt":"2024-12-11T17:15:57","slug":"rehabilita-paco-trevino-avenida-la-trinidad","status":"publish","type":"post","link":"https:\/\/laultimapalabra.com.mx\/portal\/rehabilita-paco-trevino-avenida-la-trinidad\/","title":{"rendered":"Rehabilita Paco Trevi\u00f1o avenida La Trinidad"},"content":{"rendered":"<p><span style=\"font-weight: 400;\"><img loading=\"lazy\" decoding=\"async\" class=\"size-medium wp-image-24626 alignleft\" src=\"https:\/\/laultimapalabra.com.mx\/portal\/wp-content\/uploads\/2022\/01\/IMG-20220111-WA0011-300x200.jpg\" alt=\"\" width=\"300\" height=\"200\" srcset=\"https:\/\/laultimapalabra.com.mx\/portal\/wp-content\/uploads\/2022\/01\/IMG-20220111-WA0011-300x200.jpg 300w, https:\/\/laultimapalabra.com.mx\/portal\/wp-content\/uploads\/2022\/01\/IMG-20220111-WA0011-1024x682.jpg 1024w, https:\/\/laultimapalabra.com.mx\/portal\/wp-content\/uploads\/2022\/01\/IMG-20220111-WA0011-768x512.jpg 768w, https:\/\/laultimapalabra.com.mx\/portal\/wp-content\/uploads\/2022\/01\/IMG-20220111-WA0011.jpg 1280w\" sizes=\"auto, (max-width: 300px) 100vw, 300px\" \/>Ju\u00e1rez, N.L.- El d\u00eda de ayer, el alcalde juarense Paco Trevi\u00f1o, y varios de sus colaboradores cortaron el list\u00f3n para inaugurar los trabajos de rehabilitaci\u00f3n de la avenida La Trinidad en el fraccionamiento del mismo nombre.<\/span><\/p>\n<p><span style=\"font-weight: 400;\">Los vecinos de la Trinidad hab\u00edan solicitado esta obra, ya que dicha arteria es una bajada de agua del cerro que hab\u00eda da\u00f1ado la carpeta asf\u00e1ltica y la hab\u00eda dejado intransitable.<\/span><\/p>\n<p><span style=\"font-weight: 400;\">Paco Trevi\u00f1o orden\u00f3 que los trabajos se hicieran de una manera integral con concreto hidr\u00e1ulico para abatir ese problema en dicho lugar y quedara resuelto por muchos a\u00f1os.<\/span><\/p>\n","protected":false},"excerpt":{"rendered":"<p>Ju\u00e1rez, N.L.- El d\u00eda de ayer, el alcalde juarense Paco Trevi\u00f1o, y varios de sus colaboradores cortaron el list\u00f3n para inaugurar los trabajos de rehabilitaci\u00f3n de la avenida La Trinidad en el fraccionamiento del mismo nombre. Los vecinos de la Trinidad hab\u00edan solicitado esta obra, ya que dicha arteria es una bajada de agua del [&hellip;]<\/p>\n","protected":false},"author":9,"featured_media":24628,"comment_status":"closed","ping_status":"closed","sticky":false,"template":"","format":"standard","meta":{"footnotes":""},"categories":[18],"tags":[3480],"class_list":["post-24632","post","type-post","status-publish","format-standard","has-post-thumbnail","hentry","category-locales-juarez","tag-fuente-gobierno-municipal-de-juarez-n-l"],"_links":{"self":[{"href":"https:\/\/laultimapalabra.com.mx\/portal\/wp-json\/wp\/v2\/posts\/24632","targetHints":{"allow":["GET"]}}],"collection":[{"href":"https:\/\/laultimapalabra.com.mx\/portal\/wp-json\/wp\/v2\/posts"}],"about":[{"href":"https:\/\/laultimapalabra.com.mx\/portal\/wp-json\/wp\/v2\/types\/post"}],"author":[{"embeddable":true,"href":"https:\/\/laultimapalabra.com.mx\/portal\/wp-json\/wp\/v2\/users\/9"}],"replies":[{"embeddable":true,"href":"https:\/\/laultimapalabra.com.mx\/portal\/wp-json\/wp\/v2\/comments?post=24632"}],"version-history":[{"count":3,"href":"https:\/\/laultimapalabra.com.mx\/portal\/wp-json\/wp\/v2\/posts\/24632\/revisions"}],"predecessor-version":[{"id":74995,"href":"https:\/\/laultimapalabra.com.mx\/portal\/wp-json\/wp\/v2\/posts\/24632\/revisions\/74995"}],"wp:featuredmedia":[{"embeddable":true,"href":"https:\/\/laultimapalabra.com.mx\/portal\/wp-json\/wp\/v2\/media\/24628"}],"wp:attachment":[{"href":"https:\/\/laultimapalabra.com.mx\/portal\/wp-json\/wp\/v2\/media?parent=24632"}],"wp:term":[{"taxonomy":"category","embeddable":true,"href":"https:\/\/laultimapalabra.com.mx\/portal\/wp-json\/wp\/v2\/categories?post=24632"},{"taxonomy":"post_tag","embeddable":true,"href":"https:\/\/laultimapalabra.com.mx\/portal\/wp-json\/wp\/v2\/tags?post=24632"}],"curies":[{"name":"wp","href":"https:\/\/api.w.org\/{rel}","templated":true}]}}