                       {"id":2500,"date":"2018-07-13T01:56:42","date_gmt":"2018-07-13T01:56:42","guid":{"rendered":"http:\/\/laultimapalabra.info\/?p=2500"},"modified":"2024-12-11T08:37:20","modified_gmt":"2024-12-11T14:37:20","slug":"el-quemador-23","status":"publish","type":"post","link":"https:\/\/laultimapalabra.com.mx\/portal\/el-quemador-23\/","title":{"rendered":"El Quemador"},"content":{"rendered":"<p><img loading=\"lazy\" decoding=\"async\" class=\"size-medium wp-image-159 alignleft\" src=\"https:\/\/laultimapalabra.com.mx\/portal\/wp-content\/uploads\/2018\/02\/Banner-Caliente-copia-300x171.jpg\" alt=\"\" width=\"300\" height=\"171\" \/>Por: El Repre<\/p>\n<p style=\"text-align: justify;\">FESTEJOS<br \/>\nIniciamos esta columneja platic\u00e1ndoles que ya iniciaron los festejos, y no crean que del nuevo Alcalde electo, no esos no, nos referimos a los festejos de cumplea\u00f1os del buen S\u00faper Faly que a m\u00e1s de 13 d\u00edas de la fecha de su onom\u00e1stico los compitas de distintos Talleres, Plantas y Oficinas ya le andan festejando su cumplea\u00f1os\u2026no les digo, si tantito quieren los compitas para hacer de las suyas, pues ahora a ver qui\u00e9n los para con tanto festejo en puerta\u2026inviten!!<br \/>\nSE LOS DIJE<br \/>\nY miren que no and\u00e1bamos tan equivocados al tener nuestras dudas con respecto al actuar del tristemente c\u00e9lebre Potrito Vega\u2026pobre Potrito como si acabara de nacer la semana pasada se avent\u00f3 una mini novela digna de pena y verg\u00fcenza\u2026ya ven que les contamos que uso a su buf\u00f3n Morales para que lo destapara para contender por la Secretaria General de la 49\u2026pues ni 2 d\u00edas le duro la publicaci\u00f3n, ya que despu\u00e9s de recibir como 20 mil comentarios en contra el Potrito opt\u00f3 por desdecirse de lo que anteriormente le hab\u00eda ordenado a su buf\u00f3n\u2026s\u00edganle!!<br \/>\nPOCOS HUE\u2026<br \/>\nY pues que sale el Potrito Vega a seg\u00fan el aclarar lo que Felipe ya hab\u00eda manifestado a su nombre\u2026palabras m\u00e1s palabras menos como vil chamaco mocoso dijo que se estaban mal interpretando las cosas, que \u00e9l nunca dar\u00eda la contra ni dividir\u00eda a la Secci\u00f3n y hasta dijo que quien era \u00e9l para hacerlo (pues fue lo \u00fanico coherente que dijo, porque nadie es)\u2026tambi\u00e9n habl\u00f3 de su se\u00f1or padre y la verdad que ni le queda pues no tiene ni una pizca de tama\u00f1os, inteligencia y capacidad del siempre recordado Hilario Vega (que seguramente se avergonzar\u00eda de los pocos hue\u2026de su hijo)\u2026termino diciendo que fortalecer\u00eda la secci\u00f3n apoyando al Secretario General Faly Ortu\u00f1o (c\u00ednico y falso)\u2026que alguien le diga a este chamaco que pena ajena da, que mejor siga cambiando focos fundidos en su taller, donde por cierto ni all\u00ed lo quieren!!<br \/>\nBUF\u00d3N<br \/>\nY en cuanto al buf\u00f3n Morales del cual ya no vale la pena seguir hablando, pues despu\u00e9s de escribir senda carta de apoyo incondicional a su amigo pocos hue..Vega, termino publicando que antepondr\u00eda sus intereses personales sobre los de la Secci\u00f3n, y que la unidad siempre es lo mejor\u2026cuanto asco dan personajes as\u00ed!!<br \/>\nPELIGRO<br \/>\nPor cierto, el buf\u00f3n Morales fue regresado a sus labores en las \u00e1reas de bombeos\u2026ya ven que contaba con una comisi\u00f3n que aunque no percib\u00eda salario, no perd\u00eda antig\u00fcedad\u2026y todo por la huevonada de no jalar\u2026pues aguas con Felipe porque es un burrazo en temas de operaci\u00f3n, y ya lo demostr\u00f3 hace a\u00f1os cuando por una burrada que hizo se le derramo producto y gracias a Dios no paso a mayores\u2026peligro en el \u00e1rea!!<br \/>\nMEJORES AMIGOS<br \/>\nHablando de unidad, de radio pasillo sindical nos piden le mandemos un saludo a la pareja de la Claudis Guevara y a la Cayita Campos que \u00faltimamente se les ha visto muy muy unidos\u2026pero no piensen mal compitas lo hacen con el fin de unir fuerzas y talentos para el beneficio de nuestra querida Secci\u00f3n\u2026muy bien por ellos dos porque seguramente seguir\u00e1n m\u00e1s unidos por tres a\u00f1os m\u00e1s\u2026que vivan las amistades puras y sinceras como la de Claudia y Jos\u00e9 Luis!!<br \/>\nCUADRILLAS<br \/>\nDe Cuadrillas nos dicen que el que ya dio se\u00f1ales de vida fue el llamaditas Delgado, la famosa Wuawura pues\u2026dicen los compitas que despu\u00e9s de seis a\u00f1os se acord\u00f3 a que taller pertenec\u00eda y por fin fue a visitar a la raza quesque para cumplir una promesa de campa\u00f1a de hace 6 a\u00f1os claro)\u2026la promesa era un clima para los ba\u00f1os de las mujeres, que de por si no las sacan de ah\u00ed\u2026que vivo la Wuawura, regalando climas en v\u00edsperas de elecciones\u2026m\u00e1s de Cuadrillas la pr\u00f3xima semana!!<br \/>\nHOSPITAL<br \/>\nDel Hospital nos cuentan que la sigue con sus aires de grandeza es la sangre gorda mayor de la Tere Medinas\u2026ya ven que le dimos una aplacadita hace una semanas, pues sigue terca en que la apoyen para irse los pr\u00f3ximos tres a\u00f1os al Comit\u00e9 Ejecutivo Local\u2026mira Teresita te vas ir tres a\u00f1os pero a portarte bien, y ya te dijimos deja de joder a la raza\u2026no te quieren de comisionada, ni de Repre, es m\u00e1s, ni de amiga ni de compa\u00f1era\u2026enti\u00e9ndelo!!&#8230;Arrivederchi!!<\/p>\n","protected":false},"excerpt":{"rendered":"<p>Por: El Repre FESTEJOS Iniciamos esta columneja platic\u00e1ndoles que ya iniciaron los festejos, y no crean que del nuevo Alcalde electo, no esos no, nos referimos a los festejos de cumplea\u00f1os del buen S\u00faper Faly que a m\u00e1s de 13 d\u00edas de la fecha de su onom\u00e1stico los compitas de distintos Talleres, Plantas y Oficinas [&hellip;]<\/p>\n","protected":false},"author":9,"featured_media":159,"comment_status":"open","ping_status":"closed","sticky":false,"template":"","format":"standard","meta":{"footnotes":""},"categories":[1],"tags":[942,943],"class_list":["post-2500","post","type-post","status-publish","format-standard","has-post-thumbnail","hentry","category-noticias","tag-el-quemador","tag-el-repre"],"_links":{"self":[{"href":"https:\/\/laultimapalabra.com.mx\/portal\/wp-json\/wp\/v2\/posts\/2500","targetHints":{"allow":["GET"]}}],"collection":[{"href":"https:\/\/laultimapalabra.com.mx\/portal\/wp-json\/wp\/v2\/posts"}],"about":[{"href":"https:\/\/laultimapalabra.com.mx\/portal\/wp-json\/wp\/v2\/types\/post"}],"author":[{"embeddable":true,"href":"https:\/\/laultimapalabra.com.mx\/portal\/wp-json\/wp\/v2\/users\/9"}],"replies":[{"embeddable":true,"href":"https:\/\/laultimapalabra.com.mx\/portal\/wp-json\/wp\/v2\/comments?post=2500"}],"version-history":[{"count":1,"href":"https:\/\/laultimapalabra.com.mx\/portal\/wp-json\/wp\/v2\/posts\/2500\/revisions"}],"predecessor-version":[{"id":64357,"href":"https:\/\/laultimapalabra.com.mx\/portal\/wp-json\/wp\/v2\/posts\/2500\/revisions\/64357"}],"wp:featuredmedia":[{"embeddable":true,"href":"https:\/\/laultimapalabra.com.mx\/portal\/wp-json\/"}],"wp:attachment":[{"href":"https:\/\/laultimapalabra.com.mx\/portal\/wp-json\/wp\/v2\/media?parent=2500"}],"wp:term":[{"taxonomy":"category","embeddable":true,"href":"https:\/\/laultimapalabra.com.mx\/portal\/wp-json\/wp\/v2\/categories?post=2500"},{"taxonomy":"post_tag","embeddable":true,"href":"https:\/\/laultimapalabra.com.mx\/portal\/wp-json\/wp\/v2\/tags?post=2500"}],"curies":[{"name":"wp","href":"https:\/\/api.w.org\/{rel}","templated":true}]}}