                       {"id":25005,"date":"2022-01-24T14:54:23","date_gmt":"2022-01-24T20:54:23","guid":{"rendered":"https:\/\/laultimapalabra.com.mx\/portal\/?p=25005"},"modified":"2024-12-11T11:15:58","modified_gmt":"2024-12-11T17:15:58","slug":"investigan-si-incendio-fue-provocado","status":"publish","type":"post","link":"https:\/\/laultimapalabra.com.mx\/portal\/investigan-si-incendio-fue-provocado\/","title":{"rendered":"Investigan si incendio fue provocado\u00a0"},"content":{"rendered":"<div style=\"width: 740px;\" class=\"wp-video\"><video class=\"wp-video-shortcode\" id=\"video-25005-1\" width=\"740\" height=\"419\" preload=\"metadata\" controls=\"controls\"><source type=\"video\/mp4\" src=\"https:\/\/laultimapalabra.com.mx\/portal\/wp-content\/uploads\/2022\/01\/VID-20220124-WA0022.mp4?_=1\" \/><a href=\"https:\/\/laultimapalabra.com.mx\/portal\/wp-content\/uploads\/2022\/01\/VID-20220124-WA0022.mp4\">https:\/\/laultimapalabra.com.mx\/portal\/wp-content\/uploads\/2022\/01\/VID-20220124-WA0022.mp4<\/a><\/video><\/div>\n<p>Cadereyta Jim\u00e9nez, N.L.- Las autoridades investigan un incendio en la colonia Candelario R\u00edos en el municipio de Cadereyta, ya que se sospecha que pudiera haber sido provocado por uno de sus moradores.<\/p>\n<p>Los hechos ocurrieron en la calle Jos\u00e9 O. Mart\u00ednez, a las 13:00 horas del d\u00eda de hoy, cuando uno de los habitantes del domicilio afectado amenazaba a algunas personas con una tea encendida.<\/p>\n<p>Posteriormente se desat\u00f3 el incendio\u00a0 en la casa donde habita junto con los dem\u00e1s familiares resultando intoxicado el sospechoso.<\/p>\n<p>En el interior resultaron da\u00f1ados algunos muebles pertenecientes a la familia del sujeto, quien aparentemente tiene problemas de adicci\u00f3n y fue identificado Aaron C. Siendo el \u00fanico afectado en su integridad f\u00edsica y del que se sabe que tiene aproximadamente unos 30 a\u00f1os de edad, fue trasladado por Servicios de Emergencia Cadereyta para su atenci\u00f3n m\u00e9dica, quedando pendiente la investigaci\u00f3n de los hechos.<\/p>\n<p>Fuente: La \u00daltima Palabra<\/p>\n","protected":false},"excerpt":{"rendered":"<p>Cadereyta Jim\u00e9nez, N.L.- Las autoridades investigan un incendio en la colonia Candelario R\u00edos en el municipio de Cadereyta, ya que se sospecha que pudiera haber sido provocado por uno de sus moradores. Los hechos ocurrieron en la calle Jos\u00e9 O. Mart\u00ednez, a las 13:00 horas del d\u00eda de hoy, cuando uno de los habitantes del [&hellip;]<\/p>\n","protected":false},"author":9,"featured_media":24997,"comment_status":"closed","ping_status":"closed","sticky":false,"template":"","format":"standard","meta":{"footnotes":""},"categories":[17],"tags":[3076,1260],"class_list":["post-25005","post","type-post","status-publish","format-standard","has-post-thumbnail","hentry","category-locales-cadereyta","tag-fuente-la-ultima-palabra","tag-incendios-cadereyta"],"_links":{"self":[{"href":"https:\/\/laultimapalabra.com.mx\/portal\/wp-json\/wp\/v2\/posts\/25005","targetHints":{"allow":["GET"]}}],"collection":[{"href":"https:\/\/laultimapalabra.com.mx\/portal\/wp-json\/wp\/v2\/posts"}],"about":[{"href":"https:\/\/laultimapalabra.com.mx\/portal\/wp-json\/wp\/v2\/types\/post"}],"author":[{"embeddable":true,"href":"https:\/\/laultimapalabra.com.mx\/portal\/wp-json\/wp\/v2\/users\/9"}],"replies":[{"embeddable":true,"href":"https:\/\/laultimapalabra.com.mx\/portal\/wp-json\/wp\/v2\/comments?post=25005"}],"version-history":[{"count":2,"href":"https:\/\/laultimapalabra.com.mx\/portal\/wp-json\/wp\/v2\/posts\/25005\/revisions"}],"predecessor-version":[{"id":75089,"href":"https:\/\/laultimapalabra.com.mx\/portal\/wp-json\/wp\/v2\/posts\/25005\/revisions\/75089"}],"wp:featuredmedia":[{"embeddable":true,"href":"https:\/\/laultimapalabra.com.mx\/portal\/wp-json\/wp\/v2\/media\/24997"}],"wp:attachment":[{"href":"https:\/\/laultimapalabra.com.mx\/portal\/wp-json\/wp\/v2\/media?parent=25005"}],"wp:term":[{"taxonomy":"category","embeddable":true,"href":"https:\/\/laultimapalabra.com.mx\/portal\/wp-json\/wp\/v2\/categories?post=25005"},{"taxonomy":"post_tag","embeddable":true,"href":"https:\/\/laultimapalabra.com.mx\/portal\/wp-json\/wp\/v2\/tags?post=25005"}],"curies":[{"name":"wp","href":"https:\/\/api.w.org\/{rel}","templated":true}]}}