                       {"id":2504,"date":"2018-07-13T02:07:49","date_gmt":"2018-07-13T02:07:49","guid":{"rendered":"http:\/\/laultimapalabra.info\/?p=2504"},"modified":"2024-12-11T08:37:20","modified_gmt":"2024-12-11T14:37:20","slug":"regeneracion","status":"publish","type":"post","link":"https:\/\/laultimapalabra.com.mx\/portal\/regeneracion\/","title":{"rendered":"Regeneraci\u00f3n"},"content":{"rendered":"<p style=\"text-align: justify;\"><img loading=\"lazy\" decoding=\"async\" class=\"size-medium wp-image-253 alignleft\" src=\"https:\/\/laultimapalabra.com.mx\/portal\/wp-content\/uploads\/2018\/02\/DAVID-LOPEZ-281x300.jpg\" alt=\"\" width=\"281\" height=\"300\" \/>Por: David L\u00f3pez<br \/>\nCon la conclusi\u00f3n de la jornada electoral del 1 de julio empieza un Nuevo M\u00e9xico. Lo que sucedi\u00f3 es hist\u00f3rico; la cabeza del Movimiento de Regeneraci\u00f3n Nacional, Andr\u00e9s Manuel L\u00f3pez Obrador, hizo ganar al menos pensado (donde no hubo trampas y compra de votos). Ahora s\u00ed, como dir\u00edan hace alg\u00fan tiempo: \u2018Si pones una vaca de candidato gana\u2019. A estas alturas es hora de platicar con los amigos, disfrutar con los hijos, re\u00edr con los memes y no tomar nada personal. Veremos los mismos paisajes, tendr\u00e9 las mismas rutinas, los conocidos a su mismo trabajo o escuela; gan\u00f3 Morena y deberemos pagar gasolina, hacer el s\u00faper y pagar impuestos. El cambio no solo viene de AMLO y su gabinete. Debemos generar el cambio cada uno de los ciudadanos, lo importante es que gane M\u00e9xico, entiende que no por pensar diferente somos enemigos, elijas el color que elijas todos jalamos para el mismo lado, queremos lo mejor para nuestros hijos. Calla y espera, que al final el gran ganador o vencedor ser\u00e1 nuestro pa\u00eds. Yo creo que debemos ser buenos triunfadores. Los que no votaron por AMLO, creen en su ideal, debemos respetarlo. Demostremos madurez por favor, porqu\u00e9 estar escribiendo palabras hirientes, altisonantes, frases fuera de lugar. \u00bfAcaso no estamos mandando se\u00f1ales de que seguimos divididos? \u00bfPor qu\u00e9 no unificarnos y hacer de este pa\u00eds un s\u00f3lo ciudadano? S\u00f3lo as\u00ed, saldremos adelante, unidos pueblo y gobierno en un s\u00f3lo pensar y en un s\u00f3lo sentir, caminaremos al mismo ritmo y entonces, y s\u00f3lo entonces, habremos triunfado todos. Salgamos de esta masacre de palabras que nos divide en lugar de unirnos. El respeto hacia la ideolog\u00eda de los dem\u00e1s, es lo que nos complementa. Hay quien fabrica los memes y creo que lleva una segunda intenci\u00f3n, no los apoyemos, apoy\u00e9monos nosotros y veremos muchos cambios. Eso si te exhorto a estar en contra de todos aquellos que quieren que M\u00e9xico siga igual o que quieran seguir vendi\u00e9ndolo y medrando del pueblo. Que creen que su ideolog\u00eda es la \u00fanica o que creen que el pa\u00eds era su posici\u00f3n. Vamos a estar en contra de todo aquel l\u00edder que quiera ofender a los trabajadores, que entiendan que ya no es lo mismo que si no se renuevan fenecer\u00e1n sus cotos de poder. De esta elecci\u00f3n hist\u00f3rica me quedo con la alegr\u00eda vibrante en la voz de los campesinos, de los mineros, de los maestros, de los petroleros, de la emoci\u00f3n contenida en los ojos de obreros y enfermeras que ten\u00edan en el alma un sue\u00f1o compartido, de un nuevo despertar del M\u00e9xico de luz que nos cobija a todos por igual. Un nuevo despertar con la firme y solidaria esperanza de un M\u00e9xico mejor. Estoy seguro que seremos testigos del inicio de la anhelada transformaci\u00f3n. M\u00e9xico merece un mejor futuro. Si alguien hab\u00eda compartido ese sue\u00f1o que hoy por voluntad del pueblo de M\u00e9xico se hace realidad es precisamente los que menos tienen, que siempre en todo momento estuvieron con AMLO, ver hecho realidad ese sue\u00f1o sin duda alguna los debi\u00f3 haber emocionado. Gan\u00f3 la Democracia, gan\u00f3 el pueblo. Pero de nada servir\u00e1, si no empezamos por cambiar nosotros mismos. Hagamos que suceda. Y los que no, que se queden fuera&#8230; (HASTA LA PR\u00d3XIMA SDQ)<\/p>\n","protected":false},"excerpt":{"rendered":"<p>Por: David L\u00f3pez Con la conclusi\u00f3n de la jornada electoral del 1 de julio empieza un Nuevo M\u00e9xico. Lo que sucedi\u00f3 es hist\u00f3rico; la cabeza del Movimiento de Regeneraci\u00f3n Nacional, Andr\u00e9s Manuel L\u00f3pez Obrador, hizo ganar al menos pensado (donde no hubo trampas y compra de votos). Ahora s\u00ed, como dir\u00edan hace alg\u00fan tiempo: \u2018Si [&hellip;]<\/p>\n","protected":false},"author":9,"featured_media":253,"comment_status":"open","ping_status":"closed","sticky":false,"template":"","format":"standard","meta":{"footnotes":""},"categories":[1],"tags":[755],"class_list":["post-2504","post","type-post","status-publish","format-standard","has-post-thumbnail","hentry","category-noticias","tag-david-lopez"],"_links":{"self":[{"href":"https:\/\/laultimapalabra.com.mx\/portal\/wp-json\/wp\/v2\/posts\/2504","targetHints":{"allow":["GET"]}}],"collection":[{"href":"https:\/\/laultimapalabra.com.mx\/portal\/wp-json\/wp\/v2\/posts"}],"about":[{"href":"https:\/\/laultimapalabra.com.mx\/portal\/wp-json\/wp\/v2\/types\/post"}],"author":[{"embeddable":true,"href":"https:\/\/laultimapalabra.com.mx\/portal\/wp-json\/wp\/v2\/users\/9"}],"replies":[{"embeddable":true,"href":"https:\/\/laultimapalabra.com.mx\/portal\/wp-json\/wp\/v2\/comments?post=2504"}],"version-history":[{"count":1,"href":"https:\/\/laultimapalabra.com.mx\/portal\/wp-json\/wp\/v2\/posts\/2504\/revisions"}],"predecessor-version":[{"id":64361,"href":"https:\/\/laultimapalabra.com.mx\/portal\/wp-json\/wp\/v2\/posts\/2504\/revisions\/64361"}],"wp:featuredmedia":[{"embeddable":true,"href":"https:\/\/laultimapalabra.com.mx\/portal\/wp-json\/"}],"wp:attachment":[{"href":"https:\/\/laultimapalabra.com.mx\/portal\/wp-json\/wp\/v2\/media?parent=2504"}],"wp:term":[{"taxonomy":"category","embeddable":true,"href":"https:\/\/laultimapalabra.com.mx\/portal\/wp-json\/wp\/v2\/categories?post=2504"},{"taxonomy":"post_tag","embeddable":true,"href":"https:\/\/laultimapalabra.com.mx\/portal\/wp-json\/wp\/v2\/tags?post=2504"}],"curies":[{"name":"wp","href":"https:\/\/api.w.org\/{rel}","templated":true}]}}