                       {"id":25107,"date":"2022-01-31T13:01:43","date_gmt":"2022-01-31T19:01:43","guid":{"rendered":"https:\/\/laultimapalabra.com.mx\/portal\/?p=25107"},"modified":"2024-12-11T11:15:58","modified_gmt":"2024-12-11T17:15:58","slug":"ejecutan-a-hombre-en-la-lazaro-cardenas","status":"publish","type":"post","link":"https:\/\/laultimapalabra.com.mx\/portal\/ejecutan-a-hombre-en-la-lazaro-cardenas\/","title":{"rendered":"Ejecutan a hombre en la L\u00e1zaro C\u00e1rdenas"},"content":{"rendered":"<p><span style=\"font-weight: 400;\"><img loading=\"lazy\" decoding=\"async\" class=\"alignnone size-medium wp-image-25099\" src=\"https:\/\/laultimapalabra.com.mx\/portal\/wp-content\/uploads\/2022\/01\/IMG-20220129-WA0011-300x169.jpg\" alt=\"\" width=\"300\" height=\"169\" srcset=\"https:\/\/laultimapalabra.com.mx\/portal\/wp-content\/uploads\/2022\/01\/IMG-20220129-WA0011-300x169.jpg 300w, https:\/\/laultimapalabra.com.mx\/portal\/wp-content\/uploads\/2022\/01\/IMG-20220129-WA0011-1024x576.jpg 1024w, https:\/\/laultimapalabra.com.mx\/portal\/wp-content\/uploads\/2022\/01\/IMG-20220129-WA0011-768x432.jpg 768w, https:\/\/laultimapalabra.com.mx\/portal\/wp-content\/uploads\/2022\/01\/IMG-20220129-WA0011-1536x864.jpg 1536w, https:\/\/laultimapalabra.com.mx\/portal\/wp-content\/uploads\/2022\/01\/IMG-20220129-WA0011.jpg 1600w\" sizes=\"auto, (max-width: 300px) 100vw, 300px\" \/>Cadereyta Jim\u00e9nez, N.L.- Un hombre fue ejecutado a balazos en la colonia L\u00e1zaro C\u00e1rdenas del municipio de Cadereyta la ma\u00f1ana del s\u00e1bado.\u00a0<\/span><\/p>\n<p><span style=\"font-weight: 400;\">Los hechos se dieron en la calle Nicolas Bravo casi en su cruce con Juan Ignacio Ramon, donde el hoy occiso fue identificado extra oficialmente como Edgar Pi\u00f1eiro de aproximadamente 30 a\u00f1os de edad, quien recibi\u00f3 al menos tres impactos de arma de fuego y no se tiene informaci\u00f3n a\u00fan de los presuntos atacantes.<\/span><\/p>\n<p><span style=\"font-weight: 400;\">Para las investigaciones pertinentes se hicieron presentes elementos de la Polic\u00eda Municipal, AEI y del Instituto de Servicios Periciales.\u00a0<\/span><\/p>\n<p>&nbsp;<\/p>\n","protected":false},"excerpt":{"rendered":"<p>Cadereyta Jim\u00e9nez, N.L.- Un hombre fue ejecutado a balazos en la colonia L\u00e1zaro C\u00e1rdenas del municipio de Cadereyta la ma\u00f1ana del s\u00e1bado.\u00a0 Los hechos se dieron en la calle Nicolas Bravo casi en su cruce con Juan Ignacio Ramon, donde el hoy occiso fue identificado extra oficialmente como Edgar Pi\u00f1eiro de aproximadamente 30 a\u00f1os de [&hellip;]<\/p>\n","protected":false},"author":9,"featured_media":25100,"comment_status":"closed","ping_status":"closed","sticky":false,"template":"","format":"standard","meta":{"footnotes":""},"categories":[8,9],"tags":[913,3076],"class_list":["post-25107","post","type-post","status-publish","format-standard","has-post-thumbnail","hentry","category-seguridad","category-seguridad-cadereyta","tag-ejecuciones-cadereyta","tag-fuente-la-ultima-palabra"],"_links":{"self":[{"href":"https:\/\/laultimapalabra.com.mx\/portal\/wp-json\/wp\/v2\/posts\/25107","targetHints":{"allow":["GET"]}}],"collection":[{"href":"https:\/\/laultimapalabra.com.mx\/portal\/wp-json\/wp\/v2\/posts"}],"about":[{"href":"https:\/\/laultimapalabra.com.mx\/portal\/wp-json\/wp\/v2\/types\/post"}],"author":[{"embeddable":true,"href":"https:\/\/laultimapalabra.com.mx\/portal\/wp-json\/wp\/v2\/users\/9"}],"replies":[{"embeddable":true,"href":"https:\/\/laultimapalabra.com.mx\/portal\/wp-json\/wp\/v2\/comments?post=25107"}],"version-history":[{"count":2,"href":"https:\/\/laultimapalabra.com.mx\/portal\/wp-json\/wp\/v2\/posts\/25107\/revisions"}],"predecessor-version":[{"id":75127,"href":"https:\/\/laultimapalabra.com.mx\/portal\/wp-json\/wp\/v2\/posts\/25107\/revisions\/75127"}],"wp:featuredmedia":[{"embeddable":true,"href":"https:\/\/laultimapalabra.com.mx\/portal\/wp-json\/wp\/v2\/media\/25100"}],"wp:attachment":[{"href":"https:\/\/laultimapalabra.com.mx\/portal\/wp-json\/wp\/v2\/media?parent=25107"}],"wp:term":[{"taxonomy":"category","embeddable":true,"href":"https:\/\/laultimapalabra.com.mx\/portal\/wp-json\/wp\/v2\/categories?post=25107"},{"taxonomy":"post_tag","embeddable":true,"href":"https:\/\/laultimapalabra.com.mx\/portal\/wp-json\/wp\/v2\/tags?post=25107"}],"curies":[{"name":"wp","href":"https:\/\/api.w.org\/{rel}","templated":true}]}}