                       {"id":25120,"date":"2022-01-31T23:01:44","date_gmt":"2022-02-01T05:01:44","guid":{"rendered":"https:\/\/laultimapalabra.com.mx\/portal\/?p=25120"},"modified":"2024-12-11T11:15:59","modified_gmt":"2024-12-11T17:15:59","slug":"ejecutan-a-dos-en-la-bonfil","status":"publish","type":"post","link":"https:\/\/laultimapalabra.com.mx\/portal\/ejecutan-a-dos-en-la-bonfil\/","title":{"rendered":"Ejecutan a dos en la Bonfil"},"content":{"rendered":"<p><img loading=\"lazy\" decoding=\"async\" class=\"size-medium wp-image-25122 alignleft\" src=\"https:\/\/laultimapalabra.com.mx\/portal\/wp-content\/uploads\/2022\/01\/IMG-20220131-WA0027-300x169.jpg\" alt=\"\" width=\"300\" height=\"169\" srcset=\"https:\/\/laultimapalabra.com.mx\/portal\/wp-content\/uploads\/2022\/01\/IMG-20220131-WA0027-300x169.jpg 300w, https:\/\/laultimapalabra.com.mx\/portal\/wp-content\/uploads\/2022\/01\/IMG-20220131-WA0027-1024x576.jpg 1024w, https:\/\/laultimapalabra.com.mx\/portal\/wp-content\/uploads\/2022\/01\/IMG-20220131-WA0027-768x432.jpg 768w, https:\/\/laultimapalabra.com.mx\/portal\/wp-content\/uploads\/2022\/01\/IMG-20220131-WA0027-1536x864.jpg 1536w, https:\/\/laultimapalabra.com.mx\/portal\/wp-content\/uploads\/2022\/01\/IMG-20220131-WA0027.jpg 1600w\" sizes=\"auto, (max-width: 300px) 100vw, 300px\" \/>Cadereyta Jim\u00e9nez, N.L.- Dos hombres murieron tras ser atacados a balazos en una vivienda en el municipio de Cadereyta.<\/p>\n<p>Fue en la calle Juan de la Barrera en la colonia Alfredo B. Bonfil, donde pistoleros arribaron al sitio y accionaron sus armas de fuego contra las v\u00edctimas.<\/p>\n<p>Al lugar arribaron elementos polic\u00edacos y\u00a0 de Servicios de Emergencia Cadeteyta, quienes trasladaron a un lesionado a un hospital, pero muri\u00f3 minutos despu\u00e9s; mientras ya se tenia tambi\u00e9n confirmado el deceso de otro hombre identificado como Juan Carlos Cisneros Quintanilla, de 23 a\u00f1os.<\/p>\n<p>De manera extraoficial se inform\u00f3 que la vivienda donde se registr\u00f3 el ataque, era se\u00f1alada como punto de venta de droga en dicha colonia.<\/p>\n<p>Fuente: La \u00daltima Palabra<\/p>\n","protected":false},"excerpt":{"rendered":"<p>Cadereyta Jim\u00e9nez, N.L.- Dos hombres murieron tras ser atacados a balazos en una vivienda en el municipio de Cadereyta. Fue en la calle Juan de la Barrera en la colonia Alfredo B. Bonfil, donde pistoleros arribaron al sitio y accionaron sus armas de fuego contra las v\u00edctimas. Al lugar arribaron elementos polic\u00edacos y\u00a0 de Servicios [&hellip;]<\/p>\n","protected":false},"author":9,"featured_media":25121,"comment_status":"closed","ping_status":"closed","sticky":false,"template":"","format":"standard","meta":{"footnotes":""},"categories":[8,9],"tags":[913,3076],"class_list":["post-25120","post","type-post","status-publish","format-standard","has-post-thumbnail","hentry","category-seguridad","category-seguridad-cadereyta","tag-ejecuciones-cadereyta","tag-fuente-la-ultima-palabra"],"_links":{"self":[{"href":"https:\/\/laultimapalabra.com.mx\/portal\/wp-json\/wp\/v2\/posts\/25120","targetHints":{"allow":["GET"]}}],"collection":[{"href":"https:\/\/laultimapalabra.com.mx\/portal\/wp-json\/wp\/v2\/posts"}],"about":[{"href":"https:\/\/laultimapalabra.com.mx\/portal\/wp-json\/wp\/v2\/types\/post"}],"author":[{"embeddable":true,"href":"https:\/\/laultimapalabra.com.mx\/portal\/wp-json\/wp\/v2\/users\/9"}],"replies":[{"embeddable":true,"href":"https:\/\/laultimapalabra.com.mx\/portal\/wp-json\/wp\/v2\/comments?post=25120"}],"version-history":[{"count":2,"href":"https:\/\/laultimapalabra.com.mx\/portal\/wp-json\/wp\/v2\/posts\/25120\/revisions"}],"predecessor-version":[{"id":75139,"href":"https:\/\/laultimapalabra.com.mx\/portal\/wp-json\/wp\/v2\/posts\/25120\/revisions\/75139"}],"wp:featuredmedia":[{"embeddable":true,"href":"https:\/\/laultimapalabra.com.mx\/portal\/wp-json\/wp\/v2\/media\/25121"}],"wp:attachment":[{"href":"https:\/\/laultimapalabra.com.mx\/portal\/wp-json\/wp\/v2\/media?parent=25120"}],"wp:term":[{"taxonomy":"category","embeddable":true,"href":"https:\/\/laultimapalabra.com.mx\/portal\/wp-json\/wp\/v2\/categories?post=25120"},{"taxonomy":"post_tag","embeddable":true,"href":"https:\/\/laultimapalabra.com.mx\/portal\/wp-json\/wp\/v2\/tags?post=25120"}],"curies":[{"name":"wp","href":"https:\/\/api.w.org\/{rel}","templated":true}]}}