                       {"id":25242,"date":"2022-02-03T17:40:59","date_gmt":"2022-02-03T23:40:59","guid":{"rendered":"https:\/\/laultimapalabra.com.mx\/portal\/?p=25242"},"modified":"2024-12-11T11:15:59","modified_gmt":"2024-12-11T17:15:59","slug":"este-viernes-inicia-la-veda-por-consulta-de-revocacion-de-mandato-que-implica","status":"publish","type":"post","link":"https:\/\/laultimapalabra.com.mx\/portal\/este-viernes-inicia-la-veda-por-consulta-de-revocacion-de-mandato-que-implica\/","title":{"rendered":"Este viernes inicia la veda por consulta de revocaci\u00f3n de mandato: \u00bfQu\u00e9 implica?"},"content":{"rendered":"<p><img loading=\"lazy\" decoding=\"async\" class=\"size-medium wp-image-25231 alignleft\" src=\"https:\/\/laultimapalabra.com.mx\/portal\/wp-content\/uploads\/2022\/02\/IMG-20220203-WA0016-300x200.jpg\" alt=\"\" width=\"300\" height=\"200\" srcset=\"https:\/\/laultimapalabra.com.mx\/portal\/wp-content\/uploads\/2022\/02\/IMG-20220203-WA0016-300x200.jpg 300w, https:\/\/laultimapalabra.com.mx\/portal\/wp-content\/uploads\/2022\/02\/IMG-20220203-WA0016.jpg 768w\" sizes=\"auto, (max-width: 300px) 100vw, 300px\" \/>CDMX.- El dia de ma\u00f1ana viernes dar\u00e1 inicio la veda electoral respecto a la consulta de revocaci\u00f3n de mandato en M\u00e9xico, y finalizar\u00e1 el pr\u00f3ximo 10 de abril, d\u00eda que se llevar\u00e1 a cabo el proceso por el Instituto Nacional Electoral (INE).<\/p>\n<p>A diferencia de las vedas en procesos de elecciones locales o presidenciales, que comienzan al terminar las campa\u00f1as de candidatos y duran alrededor de tres d\u00edas, el silencio previo a la consulta tendr\u00e1 una duraci\u00f3n de 65 d\u00edas naturales.<\/p>\n<p>Lo anterior implica que los actos de campa\u00f1a y proselitismo electoral estar\u00e1n prohibidos para servidores del poder ejecutivo, legislativo y judicial.<\/p>\n<p>Lo anterior no quiere decir que los funcionarios de los tres poderes dejar\u00e1n sus labores. \u00danicamente no habr\u00e1 propaganda ni difusi\u00f3n en torno a su trabajo.<\/p>\n<p>Como excepci\u00f3n, s\u00ed ser\u00e1 posible difundir campa\u00f1as informativas de educaci\u00f3n y salud, as\u00ed como las necesarias para la protecci\u00f3n civil. Los poderes p\u00fablicos, \u00f3rganos aut\u00f3nomos, dependencias y entidades de la administraci\u00f3n p\u00fablica y cualquier otro ente de los tres \u00f3rdenes de gobierno est\u00e1n obligados a cumplir con la veda electoral.<\/p>\n","protected":false},"excerpt":{"rendered":"<p>CDMX.- El dia de ma\u00f1ana viernes dar\u00e1 inicio la veda electoral respecto a la consulta de revocaci\u00f3n de mandato en M\u00e9xico, y finalizar\u00e1 el pr\u00f3ximo 10 de abril, d\u00eda que se llevar\u00e1 a cabo el proceso por el Instituto Nacional Electoral (INE). A diferencia de las vedas en procesos de elecciones locales o presidenciales, que [&hellip;]<\/p>\n","protected":false},"author":9,"featured_media":25231,"comment_status":"closed","ping_status":"closed","sticky":false,"template":"","format":"standard","meta":{"footnotes":""},"categories":[19],"tags":[124,3075,3523,3522],"class_list":["post-25242","post","type-post","status-publish","format-standard","has-post-thumbnail","hentry","category-nacional","tag-amlo","tag-fuente-el-norte","tag-revocacion-de-mandato","tag-veda-electoral-2022"],"_links":{"self":[{"href":"https:\/\/laultimapalabra.com.mx\/portal\/wp-json\/wp\/v2\/posts\/25242","targetHints":{"allow":["GET"]}}],"collection":[{"href":"https:\/\/laultimapalabra.com.mx\/portal\/wp-json\/wp\/v2\/posts"}],"about":[{"href":"https:\/\/laultimapalabra.com.mx\/portal\/wp-json\/wp\/v2\/types\/post"}],"author":[{"embeddable":true,"href":"https:\/\/laultimapalabra.com.mx\/portal\/wp-json\/wp\/v2\/users\/9"}],"replies":[{"embeddable":true,"href":"https:\/\/laultimapalabra.com.mx\/portal\/wp-json\/wp\/v2\/comments?post=25242"}],"version-history":[{"count":2,"href":"https:\/\/laultimapalabra.com.mx\/portal\/wp-json\/wp\/v2\/posts\/25242\/revisions"}],"predecessor-version":[{"id":75189,"href":"https:\/\/laultimapalabra.com.mx\/portal\/wp-json\/wp\/v2\/posts\/25242\/revisions\/75189"}],"wp:featuredmedia":[{"embeddable":true,"href":"https:\/\/laultimapalabra.com.mx\/portal\/wp-json\/wp\/v2\/media\/25231"}],"wp:attachment":[{"href":"https:\/\/laultimapalabra.com.mx\/portal\/wp-json\/wp\/v2\/media?parent=25242"}],"wp:term":[{"taxonomy":"category","embeddable":true,"href":"https:\/\/laultimapalabra.com.mx\/portal\/wp-json\/wp\/v2\/categories?post=25242"},{"taxonomy":"post_tag","embeddable":true,"href":"https:\/\/laultimapalabra.com.mx\/portal\/wp-json\/wp\/v2\/tags?post=25242"}],"curies":[{"name":"wp","href":"https:\/\/api.w.org\/{rel}","templated":true}]}}