                       {"id":25264,"date":"2022-02-07T15:11:57","date_gmt":"2022-02-07T21:11:57","guid":{"rendered":"https:\/\/laultimapalabra.com.mx\/portal\/?p=25264"},"modified":"2024-12-11T11:15:59","modified_gmt":"2024-12-11T17:15:59","slug":"ejecutan-a-joven-a-balazos-en-la-lazaro-cardenas","status":"publish","type":"post","link":"https:\/\/laultimapalabra.com.mx\/portal\/ejecutan-a-joven-a-balazos-en-la-lazaro-cardenas\/","title":{"rendered":"Ejecutan a joven a balazos en la L\u00e1zaro C\u00e1rdenas"},"content":{"rendered":"<div style=\"width: 640px;\" class=\"wp-video\"><video class=\"wp-video-shortcode\" id=\"video-25264-1\" width=\"640\" height=\"352\" preload=\"metadata\" controls=\"controls\"><source type=\"video\/mp4\" src=\"https:\/\/laultimapalabra.com.mx\/portal\/wp-content\/uploads\/2022\/02\/VID-20220207-WA0002.mp4?_=1\" \/><a href=\"https:\/\/laultimapalabra.com.mx\/portal\/wp-content\/uploads\/2022\/02\/VID-20220207-WA0002.mp4\">https:\/\/laultimapalabra.com.mx\/portal\/wp-content\/uploads\/2022\/02\/VID-20220207-WA0002.mp4<\/a><\/video><\/div>\n<p>Cadereyta Jim\u00e9nez, N.L.- Nuevamente el municipio de Cadereyta se vuelve a manchar de rojo al presentarse un hecho violento en el que pierde la vida un joven en la colonia L\u00e1zaro C\u00e1rdenas en el municipio de Cadereyta.<\/p>\n<p>Fue en la calle M. M. del Llano entre las calles Vicente Guerrero e Ignacio Comonfort, donde hombres armados ya hab\u00edan realizado un primer ataque a balazos contra la fachada de un domicilio alrededor de las 21:00 horas de ayer domingo, posteriormente alrededor de las 2:00 horas ya del d\u00eda de hoy lunes, llegaron e hicieron al menos 15 detonaciones de arma de fuego, dando en el blanco en un joven, el cual fue identificado como Joaqu\u00edn Mart\u00ednez de 19 a\u00f1os de edad.<\/p>\n<p>En este lugar presuntamente se reun\u00edan j\u00f3venes a consumir drogas,<\/p>\n<p>Cabe resaltar tambi\u00e9n que esta calle ha sido escenario de m\u00faltiples homicidios en lo que va del a\u00f1o, adem\u00e1s de que no hay luminarias encendidas y la falta de vigilancia hace que los vecinos de dicha colonia vivan inseguros d\u00eda con d\u00eda.<\/p>\n<p>Al lugar arribaron Servicios de Emergencia, as\u00ed como elementos uniformados, y Agencia Estatal de Investigaciones, quienes iniciaron con las indagatorias correspondientes.<\/p>\n<p>Fuente: La \u00daltima Palabra<\/p>\n","protected":false},"excerpt":{"rendered":"<p>Cadereyta Jim\u00e9nez, N.L.- Nuevamente el municipio de Cadereyta se vuelve a manchar de rojo al presentarse un hecho violento en el que pierde la vida un joven en la colonia L\u00e1zaro C\u00e1rdenas en el municipio de Cadereyta. Fue en la calle M. M. del Llano entre las calles Vicente Guerrero e Ignacio Comonfort, donde hombres [&hellip;]<\/p>\n","protected":false},"author":9,"featured_media":25266,"comment_status":"closed","ping_status":"closed","sticky":false,"template":"","format":"standard","meta":{"footnotes":""},"categories":[8,9],"tags":[913,3076],"class_list":["post-25264","post","type-post","status-publish","format-standard","has-post-thumbnail","hentry","category-seguridad","category-seguridad-cadereyta","tag-ejecuciones-cadereyta","tag-fuente-la-ultima-palabra"],"_links":{"self":[{"href":"https:\/\/laultimapalabra.com.mx\/portal\/wp-json\/wp\/v2\/posts\/25264","targetHints":{"allow":["GET"]}}],"collection":[{"href":"https:\/\/laultimapalabra.com.mx\/portal\/wp-json\/wp\/v2\/posts"}],"about":[{"href":"https:\/\/laultimapalabra.com.mx\/portal\/wp-json\/wp\/v2\/types\/post"}],"author":[{"embeddable":true,"href":"https:\/\/laultimapalabra.com.mx\/portal\/wp-json\/wp\/v2\/users\/9"}],"replies":[{"embeddable":true,"href":"https:\/\/laultimapalabra.com.mx\/portal\/wp-json\/wp\/v2\/comments?post=25264"}],"version-history":[{"count":2,"href":"https:\/\/laultimapalabra.com.mx\/portal\/wp-json\/wp\/v2\/posts\/25264\/revisions"}],"predecessor-version":[{"id":75197,"href":"https:\/\/laultimapalabra.com.mx\/portal\/wp-json\/wp\/v2\/posts\/25264\/revisions\/75197"}],"wp:featuredmedia":[{"embeddable":true,"href":"https:\/\/laultimapalabra.com.mx\/portal\/wp-json\/wp\/v2\/media\/25266"}],"wp:attachment":[{"href":"https:\/\/laultimapalabra.com.mx\/portal\/wp-json\/wp\/v2\/media?parent=25264"}],"wp:term":[{"taxonomy":"category","embeddable":true,"href":"https:\/\/laultimapalabra.com.mx\/portal\/wp-json\/wp\/v2\/categories?post=25264"},{"taxonomy":"post_tag","embeddable":true,"href":"https:\/\/laultimapalabra.com.mx\/portal\/wp-json\/wp\/v2\/tags?post=25264"}],"curies":[{"name":"wp","href":"https:\/\/api.w.org\/{rel}","templated":true}]}}