                       {"id":25304,"date":"2022-02-08T11:01:10","date_gmt":"2022-02-08T17:01:10","guid":{"rendered":"https:\/\/laultimapalabra.com.mx\/portal\/?p=25304"},"modified":"2024-12-11T11:16:00","modified_gmt":"2024-12-11T17:16:00","slug":"ejecutan-a-un-hombre-en-valle-de-los-encinos","status":"publish","type":"post","link":"https:\/\/laultimapalabra.com.mx\/portal\/ejecutan-a-un-hombre-en-valle-de-los-encinos\/","title":{"rendered":"Ejecutan a un hombre en Valle de Los Encinos"},"content":{"rendered":"<p><span style=\"font-weight: 400;\"><img loading=\"lazy\" decoding=\"async\" class=\"size-medium wp-image-25298 alignleft\" src=\"https:\/\/laultimapalabra.com.mx\/portal\/wp-content\/uploads\/2022\/02\/IMG-20220207-WA0035-300x166.jpg\" alt=\"\" width=\"300\" height=\"166\" srcset=\"https:\/\/laultimapalabra.com.mx\/portal\/wp-content\/uploads\/2022\/02\/IMG-20220207-WA0035-300x166.jpg 300w, https:\/\/laultimapalabra.com.mx\/portal\/wp-content\/uploads\/2022\/02\/IMG-20220207-WA0035.jpg 720w\" sizes=\"auto, (max-width: 300px) 100vw, 300px\" \/>Cadereyta Jim\u00e9nez, N.L.- La tarde de ayer se registr\u00f3 una ejecucion m\u00e1s en el municipio de Cadereyta, en la colonia Valle de los Encinos,donde hombres armados rafaguearon a un hombre que estaba a un costado de su camioneta marca Chevrolet tipo Captiva.<\/span><\/p>\n<p><span style=\"font-weight: 400;\">Los hechos ocurrieron sobre la calle Laurel cruz con Casta\u00f1o, afuera de una tienda de nombre Cabrera de dicha colonia.\u00a0<\/span><\/p>\n<p><span style=\"font-weight: 400;\">Los vecinos reportaron haber escuchado al menos 15 detonaciones, pero hasta al momento no se cuenta con informaci\u00f3n sobre los presuntos responsables.<\/span><\/p>\n<p><span style=\"font-weight: 400;\">El ahora occiso respond\u00eda al nombre de Jos\u00e9 Mauro Flores Garza de 57 a\u00f1os de edad.<\/span><\/p>\n","protected":false},"excerpt":{"rendered":"<p>Cadereyta Jim\u00e9nez, N.L.- La tarde de ayer se registr\u00f3 una ejecucion m\u00e1s en el municipio de Cadereyta, en la colonia Valle de los Encinos,donde hombres armados rafaguearon a un hombre que estaba a un costado de su camioneta marca Chevrolet tipo Captiva. Los hechos ocurrieron sobre la calle Laurel cruz con Casta\u00f1o, afuera de una [&hellip;]<\/p>\n","protected":false},"author":9,"featured_media":25299,"comment_status":"closed","ping_status":"closed","sticky":false,"template":"","format":"standard","meta":{"footnotes":""},"categories":[17,8,9],"tags":[913,3076],"class_list":["post-25304","post","type-post","status-publish","format-standard","has-post-thumbnail","hentry","category-locales-cadereyta","category-seguridad","category-seguridad-cadereyta","tag-ejecuciones-cadereyta","tag-fuente-la-ultima-palabra"],"_links":{"self":[{"href":"https:\/\/laultimapalabra.com.mx\/portal\/wp-json\/wp\/v2\/posts\/25304","targetHints":{"allow":["GET"]}}],"collection":[{"href":"https:\/\/laultimapalabra.com.mx\/portal\/wp-json\/wp\/v2\/posts"}],"about":[{"href":"https:\/\/laultimapalabra.com.mx\/portal\/wp-json\/wp\/v2\/types\/post"}],"author":[{"embeddable":true,"href":"https:\/\/laultimapalabra.com.mx\/portal\/wp-json\/wp\/v2\/users\/9"}],"replies":[{"embeddable":true,"href":"https:\/\/laultimapalabra.com.mx\/portal\/wp-json\/wp\/v2\/comments?post=25304"}],"version-history":[{"count":2,"href":"https:\/\/laultimapalabra.com.mx\/portal\/wp-json\/wp\/v2\/posts\/25304\/revisions"}],"predecessor-version":[{"id":75209,"href":"https:\/\/laultimapalabra.com.mx\/portal\/wp-json\/wp\/v2\/posts\/25304\/revisions\/75209"}],"wp:featuredmedia":[{"embeddable":true,"href":"https:\/\/laultimapalabra.com.mx\/portal\/wp-json\/wp\/v2\/media\/25299"}],"wp:attachment":[{"href":"https:\/\/laultimapalabra.com.mx\/portal\/wp-json\/wp\/v2\/media?parent=25304"}],"wp:term":[{"taxonomy":"category","embeddable":true,"href":"https:\/\/laultimapalabra.com.mx\/portal\/wp-json\/wp\/v2\/categories?post=25304"},{"taxonomy":"post_tag","embeddable":true,"href":"https:\/\/laultimapalabra.com.mx\/portal\/wp-json\/wp\/v2\/tags?post=25304"}],"curies":[{"name":"wp","href":"https:\/\/api.w.org\/{rel}","templated":true}]}}