                       {"id":25323,"date":"2022-02-09T09:35:02","date_gmt":"2022-02-09T15:35:02","guid":{"rendered":"https:\/\/laultimapalabra.com.mx\/portal\/?p=25323"},"modified":"2024-12-11T11:16:00","modified_gmt":"2024-12-11T17:16:00","slug":"fuerte-encontronazo-en-el-periferico-rumbo-al-castillo","status":"publish","type":"post","link":"https:\/\/laultimapalabra.com.mx\/portal\/fuerte-encontronazo-en-el-periferico-rumbo-al-castillo\/","title":{"rendered":"Fuerte encontronazo en el Perif\u00e9rico rumbo al Castillo"},"content":{"rendered":"\n\t\t<style type=\"text\/css\">\n\t\t\t#gallery-1 {\n\t\t\t\tmargin: auto;\n\t\t\t}\n\t\t\t#gallery-1 .gallery-item {\n\t\t\t\tfloat: left;\n\t\t\t\tmargin-top: 10px;\n\t\t\t\ttext-align: center;\n\t\t\t\twidth: 33%;\n\t\t\t}\n\t\t\t#gallery-1 img {\n\t\t\t\tborder: 2px solid #cfcfcf;\n\t\t\t}\n\t\t\t#gallery-1 .gallery-caption {\n\t\t\t\tmargin-left: 0;\n\t\t\t}\n\t\t\t\/* see gallery_shortcode() in wp-includes\/media.php *\/\n\t\t<\/style>\n\t\t<div id='gallery-1' class='gallery galleryid-25323 gallery-columns-3 gallery-size-thumbnail'><dl class='gallery-item'>\n\t\t\t<dt class='gallery-icon landscape'>\n\t\t\t\t<a href='https:\/\/laultimapalabra.com.mx\/portal\/fuerte-encontronazo-en-el-periferico-rumbo-al-castillo\/img-20220208-wa0087\/'><img loading=\"lazy\" decoding=\"async\" width=\"150\" height=\"150\" src=\"https:\/\/laultimapalabra.com.mx\/portal\/wp-content\/uploads\/2022\/02\/IMG-20220208-WA0087-150x150.jpg\" class=\"attachment-thumbnail size-thumbnail\" alt=\"\" \/><\/a>\n\t\t\t<\/dt><\/dl><dl class='gallery-item'>\n\t\t\t<dt class='gallery-icon landscape'>\n\t\t\t\t<a href='https:\/\/laultimapalabra.com.mx\/portal\/fuerte-encontronazo-en-el-periferico-rumbo-al-castillo\/img-20220208-wa0088\/'><img loading=\"lazy\" decoding=\"async\" width=\"150\" height=\"150\" src=\"https:\/\/laultimapalabra.com.mx\/portal\/wp-content\/uploads\/2022\/02\/IMG-20220208-WA0088-150x150.jpg\" class=\"attachment-thumbnail size-thumbnail\" alt=\"\" \/><\/a>\n\t\t\t<\/dt><\/dl>\n\t\t\t<br style='clear: both' \/>\n\t\t<\/div>\n\n<p><span style=\"font-weight: 400;\">Cadereyta Jim\u00e9nez, N.L.- Horas despu\u00e9s de haberse suscitado una volcadura sobre el Perif\u00e9rico en el municipio de Juarez, ayer por la noche se dio otro accidente vial en esta misma arteria pero ahora dentro del territorio de Cadereyta.\u00a0<\/span><\/p>\n<p><span style=\"font-weight: 400;\">Los hechos se dieron sobre el km 82 en el tramo rumbo al Castillo donde participaron cuatro veh\u00edculos: una camioneta blazer contra un trailer, el cual se di\u00f3 a la fuga.<\/span><\/p>\n<p><span style=\"font-weight: 400;\">Tras esto, una camioneta de tres y media toneladas de caja seca se impact\u00f3 contra la blazer, veh\u00edculo al que le sale &#8220;volando&#8221; un rin que se atora en la parte frontal de un jetta blanco.\u00a0<\/span><\/p>\n<p><span style=\"font-weight: 400;\">Trascendi\u00f3 que el conductor de la blazer estaba en estado de ebriedad, por lo que puesto a disposici\u00f3n de Tr\u00e1nsito Municipal de Juarez, quienes fueron las primeras autoridades que acudieron al incidente, siendo el mismo conductor de la blazer el m\u00e1s afectado; ya que presentaba unos golpes en el rostro, siendo atendido por Servicios de Emergencia Cadereyta.<\/span><\/p>\n<p><span style=\"font-weight: 400;\">Despues del choque, se vieron obstaculizados los dos carriles hacia El Castillo.\u00a0<\/span><\/p>\n","protected":false},"excerpt":{"rendered":"<p>Cadereyta Jim\u00e9nez, N.L.- Horas despu\u00e9s de haberse suscitado una volcadura sobre el Perif\u00e9rico en el municipio de Juarez, ayer por la noche se dio otro accidente vial en esta misma arteria pero ahora dentro del territorio de Cadereyta.\u00a0 Los hechos se dieron sobre el km 82 en el tramo rumbo al Castillo donde participaron cuatro [&hellip;]<\/p>\n","protected":false},"author":9,"featured_media":25325,"comment_status":"closed","ping_status":"closed","sticky":false,"template":"","format":"standard","meta":{"footnotes":""},"categories":[17],"tags":[2747,3076,1769],"class_list":["post-25323","post","type-post","status-publish","format-standard","has-post-thumbnail","hentry","category-locales-cadereyta","tag-accidentes-viales-cadereyta","tag-fuente-la-ultima-palabra","tag-periferico"],"_links":{"self":[{"href":"https:\/\/laultimapalabra.com.mx\/portal\/wp-json\/wp\/v2\/posts\/25323","targetHints":{"allow":["GET"]}}],"collection":[{"href":"https:\/\/laultimapalabra.com.mx\/portal\/wp-json\/wp\/v2\/posts"}],"about":[{"href":"https:\/\/laultimapalabra.com.mx\/portal\/wp-json\/wp\/v2\/types\/post"}],"author":[{"embeddable":true,"href":"https:\/\/laultimapalabra.com.mx\/portal\/wp-json\/wp\/v2\/users\/9"}],"replies":[{"embeddable":true,"href":"https:\/\/laultimapalabra.com.mx\/portal\/wp-json\/wp\/v2\/comments?post=25323"}],"version-history":[{"count":2,"href":"https:\/\/laultimapalabra.com.mx\/portal\/wp-json\/wp\/v2\/posts\/25323\/revisions"}],"predecessor-version":[{"id":75219,"href":"https:\/\/laultimapalabra.com.mx\/portal\/wp-json\/wp\/v2\/posts\/25323\/revisions\/75219"}],"wp:featuredmedia":[{"embeddable":true,"href":"https:\/\/laultimapalabra.com.mx\/portal\/wp-json\/wp\/v2\/media\/25325"}],"wp:attachment":[{"href":"https:\/\/laultimapalabra.com.mx\/portal\/wp-json\/wp\/v2\/media?parent=25323"}],"wp:term":[{"taxonomy":"category","embeddable":true,"href":"https:\/\/laultimapalabra.com.mx\/portal\/wp-json\/wp\/v2\/categories?post=25323"},{"taxonomy":"post_tag","embeddable":true,"href":"https:\/\/laultimapalabra.com.mx\/portal\/wp-json\/wp\/v2\/tags?post=25323"}],"curies":[{"name":"wp","href":"https:\/\/api.w.org\/{rel}","templated":true}]}}