                       {"id":25447,"date":"2022-02-14T09:37:40","date_gmt":"2022-02-14T15:37:40","guid":{"rendered":"https:\/\/laultimapalabra.com.mx\/portal\/?p=25447"},"modified":"2024-12-11T11:16:00","modified_gmt":"2024-12-11T17:16:00","slug":"va-por-regalo-de-san-valentin-y-se-lleva-tres-mil-pesos","status":"publish","type":"post","link":"https:\/\/laultimapalabra.com.mx\/portal\/va-por-regalo-de-san-valentin-y-se-lleva-tres-mil-pesos\/","title":{"rendered":"&#8220;Va&#8221; por regalo de San Valentin y se lleva tres mil pesos\u00a0"},"content":{"rendered":"<div style=\"width: 740px;\" class=\"wp-video\"><video class=\"wp-video-shortcode\" id=\"video-25447-1\" width=\"740\" height=\"416\" preload=\"metadata\" controls=\"controls\"><source type=\"video\/mp4\" src=\"https:\/\/laultimapalabra.com.mx\/portal\/wp-content\/uploads\/2022\/02\/VID-20220214-WA0006.mp4?_=1\" \/><a href=\"https:\/\/laultimapalabra.com.mx\/portal\/wp-content\/uploads\/2022\/02\/VID-20220214-WA0006.mp4\">https:\/\/laultimapalabra.com.mx\/portal\/wp-content\/uploads\/2022\/02\/VID-20220214-WA0006.mp4<\/a><\/video><\/div>\n<p><span style=\"font-weight: 400;\">Cadereyta Jim\u00e9nez, N.L.- La noche de ayer, un ladr\u00f3n solitario asalt\u00f3 a mano armada un tienda de ropa, ubicada en calle Aramberri de la colonia L\u00e1zaro C\u00e1rdenas segundo sector del municipio de Cadereyta.<\/span><\/p>\n<p><span style=\"font-weight: 400;\">Fue alrededor de las 20:30 horas cuando un hombre lleg\u00f3 a bordo de una motocicleta, simulando ser un cliente, tomando unos tenis y un perfume, para despu\u00e9s acercarse a la cajera a quien apunt\u00f3 con un arma exigi\u00e9ndole el efectivo\u00a0<\/span><\/p>\n<p><span style=\"font-weight: 400;\">El monto de lo robado es aproximadamente de 3 mil pesos en efectivo, un par de zapatos tenis y un perfume.\u00a0<\/span><\/p>\n<p><span style=\"font-weight: 400;\">En las im\u00e1genes de las c\u00e1maras de seguridad del negocio se aprecia que el veh\u00edculo que tripulada el atracador,\u00a0 es una lmotocicleta Italika 125, de color rojo y con faro con luz morada.<\/span><\/p>\n<p>&nbsp;<\/p>\n","protected":false},"excerpt":{"rendered":"<p>Cadereyta Jim\u00e9nez, N.L.- La noche de ayer, un ladr\u00f3n solitario asalt\u00f3 a mano armada un tienda de ropa, ubicada en calle Aramberri de la colonia L\u00e1zaro C\u00e1rdenas segundo sector del municipio de Cadereyta. Fue alrededor de las 20:30 horas cuando un hombre lleg\u00f3 a bordo de una motocicleta, simulando ser un cliente, tomando unos tenis [&hellip;]<\/p>\n","protected":false},"author":9,"featured_media":25436,"comment_status":"closed","ping_status":"closed","sticky":false,"template":"","format":"standard","meta":{"footnotes":""},"categories":[8,9],"tags":[189,3076],"class_list":["post-25447","post","type-post","status-publish","format-standard","has-post-thumbnail","hentry","category-seguridad","category-seguridad-cadereyta","tag-asaltos-cadereyta","tag-fuente-la-ultima-palabra"],"_links":{"self":[{"href":"https:\/\/laultimapalabra.com.mx\/portal\/wp-json\/wp\/v2\/posts\/25447","targetHints":{"allow":["GET"]}}],"collection":[{"href":"https:\/\/laultimapalabra.com.mx\/portal\/wp-json\/wp\/v2\/posts"}],"about":[{"href":"https:\/\/laultimapalabra.com.mx\/portal\/wp-json\/wp\/v2\/types\/post"}],"author":[{"embeddable":true,"href":"https:\/\/laultimapalabra.com.mx\/portal\/wp-json\/wp\/v2\/users\/9"}],"replies":[{"embeddable":true,"href":"https:\/\/laultimapalabra.com.mx\/portal\/wp-json\/wp\/v2\/comments?post=25447"}],"version-history":[{"count":2,"href":"https:\/\/laultimapalabra.com.mx\/portal\/wp-json\/wp\/v2\/posts\/25447\/revisions"}],"predecessor-version":[{"id":75265,"href":"https:\/\/laultimapalabra.com.mx\/portal\/wp-json\/wp\/v2\/posts\/25447\/revisions\/75265"}],"wp:featuredmedia":[{"embeddable":true,"href":"https:\/\/laultimapalabra.com.mx\/portal\/wp-json\/wp\/v2\/media\/25436"}],"wp:attachment":[{"href":"https:\/\/laultimapalabra.com.mx\/portal\/wp-json\/wp\/v2\/media?parent=25447"}],"wp:term":[{"taxonomy":"category","embeddable":true,"href":"https:\/\/laultimapalabra.com.mx\/portal\/wp-json\/wp\/v2\/categories?post=25447"},{"taxonomy":"post_tag","embeddable":true,"href":"https:\/\/laultimapalabra.com.mx\/portal\/wp-json\/wp\/v2\/tags?post=25447"}],"curies":[{"name":"wp","href":"https:\/\/api.w.org\/{rel}","templated":true}]}}