                       {"id":25451,"date":"2022-02-14T09:40:49","date_gmt":"2022-02-14T15:40:49","guid":{"rendered":"https:\/\/laultimapalabra.com.mx\/portal\/?p=25451"},"modified":"2024-12-11T11:16:00","modified_gmt":"2024-12-11T17:16:00","slug":"ciclista-resulta-lesionado-al-estrellarse-contra-vehiculo","status":"publish","type":"post","link":"https:\/\/laultimapalabra.com.mx\/portal\/ciclista-resulta-lesionado-al-estrellarse-contra-vehiculo\/","title":{"rendered":"Ciclista resulta lesionado al estrellarse contra veh\u00edculo"},"content":{"rendered":"<p><span style=\"font-weight: 400;\"><img loading=\"lazy\" decoding=\"async\" class=\"size-medium wp-image-25435 alignleft\" src=\"https:\/\/laultimapalabra.com.mx\/portal\/wp-content\/uploads\/2022\/02\/IMG-20220214-WA0019-300x169.jpg\" alt=\"\" width=\"300\" height=\"169\" srcset=\"https:\/\/laultimapalabra.com.mx\/portal\/wp-content\/uploads\/2022\/02\/IMG-20220214-WA0019-300x169.jpg 300w, https:\/\/laultimapalabra.com.mx\/portal\/wp-content\/uploads\/2022\/02\/IMG-20220214-WA0019-1024x576.jpg 1024w, https:\/\/laultimapalabra.com.mx\/portal\/wp-content\/uploads\/2022\/02\/IMG-20220214-WA0019-768x432.jpg 768w, https:\/\/laultimapalabra.com.mx\/portal\/wp-content\/uploads\/2022\/02\/IMG-20220214-WA0019.jpg 1152w\" sizes=\"auto, (max-width: 300px) 100vw, 300px\" \/>Cadereyta Jim\u00e9nez, N.L. Un hombre que circulaba por las calles de la colonia San Agust\u00edn tuvo un descuido y termin\u00f3 por impactarse contra un veh\u00edculo que se encontraba estacionado.\u00a0<\/span><\/p>\n<p><span style=\"font-weight: 400;\">Fue la ma\u00f1ana de hoy en la calle Vista Real en su cruce con Lomas del Mirador, cuando el conductor de un veh\u00edculo\u00a0 Avanza en color gris, se encontraba estacionado esperando a compa\u00f1eros del trabajo cuando sinti\u00f3 el impacto en un costado del veh\u00edculo y al percatarse de lo ocurrido, descendi\u00f3 del veh\u00edculo y vi\u00f3 que era un ciclista el cual result\u00f3 con un fuerte golpe en la cabeza.\u00a0<\/span><\/p>\n<p><span style=\"font-weight: 400;\">El lesionado fue identificado como Jos\u00e9 Lozano de aproximadamente 50 a\u00f1os de edad, quien fue trasladado por Servicios de Emergencia a la Cl\u00ednica 14 del IMSS.<\/span><\/p>\n<p><span style=\"font-weight: 400;\">Al lugar del accidente arrib\u00f3 Tr\u00e1nsito Municipal para hacer las investigaciones correspondientes y deslindar responsabilidades.<\/span><\/p>\n","protected":false},"excerpt":{"rendered":"<p>Cadereyta Jim\u00e9nez, N.L. Un hombre que circulaba por las calles de la colonia San Agust\u00edn tuvo un descuido y termin\u00f3 por impactarse contra un veh\u00edculo que se encontraba estacionado.\u00a0 Fue la ma\u00f1ana de hoy en la calle Vista Real en su cruce con Lomas del Mirador, cuando el conductor de un veh\u00edculo\u00a0 Avanza en color [&hellip;]<\/p>\n","protected":false},"author":9,"featured_media":25432,"comment_status":"closed","ping_status":"closed","sticky":false,"template":"","format":"standard","meta":{"footnotes":""},"categories":[17],"tags":[2747,3076],"class_list":["post-25451","post","type-post","status-publish","format-standard","has-post-thumbnail","hentry","category-locales-cadereyta","tag-accidentes-viales-cadereyta","tag-fuente-la-ultima-palabra"],"_links":{"self":[{"href":"https:\/\/laultimapalabra.com.mx\/portal\/wp-json\/wp\/v2\/posts\/25451","targetHints":{"allow":["GET"]}}],"collection":[{"href":"https:\/\/laultimapalabra.com.mx\/portal\/wp-json\/wp\/v2\/posts"}],"about":[{"href":"https:\/\/laultimapalabra.com.mx\/portal\/wp-json\/wp\/v2\/types\/post"}],"author":[{"embeddable":true,"href":"https:\/\/laultimapalabra.com.mx\/portal\/wp-json\/wp\/v2\/users\/9"}],"replies":[{"embeddable":true,"href":"https:\/\/laultimapalabra.com.mx\/portal\/wp-json\/wp\/v2\/comments?post=25451"}],"version-history":[{"count":2,"href":"https:\/\/laultimapalabra.com.mx\/portal\/wp-json\/wp\/v2\/posts\/25451\/revisions"}],"predecessor-version":[{"id":75267,"href":"https:\/\/laultimapalabra.com.mx\/portal\/wp-json\/wp\/v2\/posts\/25451\/revisions\/75267"}],"wp:featuredmedia":[{"embeddable":true,"href":"https:\/\/laultimapalabra.com.mx\/portal\/wp-json\/wp\/v2\/media\/25432"}],"wp:attachment":[{"href":"https:\/\/laultimapalabra.com.mx\/portal\/wp-json\/wp\/v2\/media?parent=25451"}],"wp:term":[{"taxonomy":"category","embeddable":true,"href":"https:\/\/laultimapalabra.com.mx\/portal\/wp-json\/wp\/v2\/categories?post=25451"},{"taxonomy":"post_tag","embeddable":true,"href":"https:\/\/laultimapalabra.com.mx\/portal\/wp-json\/wp\/v2\/tags?post=25451"}],"curies":[{"name":"wp","href":"https:\/\/api.w.org\/{rel}","templated":true}]}}