                       {"id":25500,"date":"2022-02-16T09:29:32","date_gmt":"2022-02-16T15:29:32","guid":{"rendered":"https:\/\/laultimapalabra.com.mx\/portal\/?p=25500"},"modified":"2024-12-11T11:16:01","modified_gmt":"2024-12-11T17:16:01","slug":"deja-choque-lesionado-sobre-el-periferico","status":"publish","type":"post","link":"https:\/\/laultimapalabra.com.mx\/portal\/deja-choque-lesionado-sobre-el-periferico\/","title":{"rendered":"Deja choque lesionado sobre el perif\u00e9rico"},"content":{"rendered":"<p><img loading=\"lazy\" decoding=\"async\" class=\"size-medium wp-image-25496 alignleft\" src=\"https:\/\/laultimapalabra.com.mx\/portal\/wp-content\/uploads\/2022\/02\/IMG-20220215-WA0088-300x169.jpg\" alt=\"\" width=\"300\" height=\"169\" srcset=\"https:\/\/laultimapalabra.com.mx\/portal\/wp-content\/uploads\/2022\/02\/IMG-20220215-WA0088-300x169.jpg 300w, https:\/\/laultimapalabra.com.mx\/portal\/wp-content\/uploads\/2022\/02\/IMG-20220215-WA0088-1024x576.jpg 1024w, https:\/\/laultimapalabra.com.mx\/portal\/wp-content\/uploads\/2022\/02\/IMG-20220215-WA0088-768x432.jpg 768w, https:\/\/laultimapalabra.com.mx\/portal\/wp-content\/uploads\/2022\/02\/IMG-20220215-WA0088.jpg 1536w\" sizes=\"auto, (max-width: 300px) 100vw, 300px\" \/>Ju\u00e1rez, N.L.- La noche de ayer se present\u00f3 un fuerte accidente vial sobre el Perif\u00e9rico a la altura del km 67 en el municipio de Ju\u00e1rez donde participaron un camion de basura y dos camionetas Toyota, una en color gris tipo hilux, y otra en color blanco.<\/p>\n<p>El percance vial se suscit\u00f3 porque al parecer durante el dia de ayer, se colocaron unos muros de contenci\u00f3n que cerraban el paso en direcci\u00f3n al municipio de Cadereyta, donde en dicho tramo se est\u00e1n haciendo trabajos de recarpeteo a la altura de los Puentes Gemelos, situacion desconocida para\u00a0 los conductores quienes se terminan estrellando contra ellos.<\/p>\n<p>Del accidente result\u00f3 una persona lesionada que fue trasladada al Hospital de Zona #21.<\/p>\n<p>La vialidad estuvo obstruida alrededor de una hora, mientras se realizaron los trabajos para mover los veh\u00edculos del lugar.<\/p>\n<p>Fuente: La \u00daltima Palabra<\/p>\n","protected":false},"excerpt":{"rendered":"<p>Ju\u00e1rez, N.L.- La noche de ayer se present\u00f3 un fuerte accidente vial sobre el Perif\u00e9rico a la altura del km 67 en el municipio de Ju\u00e1rez donde participaron un camion de basura y dos camionetas Toyota, una en color gris tipo hilux, y otra en color blanco. El percance vial se suscit\u00f3 porque al parecer [&hellip;]<\/p>\n","protected":false},"author":9,"featured_media":25495,"comment_status":"closed","ping_status":"closed","sticky":false,"template":"","format":"standard","meta":{"footnotes":""},"categories":[18],"tags":[2965,3076],"class_list":["post-25500","post","type-post","status-publish","format-standard","has-post-thumbnail","hentry","category-locales-juarez","tag-accidentes-viales-juarez","tag-fuente-la-ultima-palabra"],"_links":{"self":[{"href":"https:\/\/laultimapalabra.com.mx\/portal\/wp-json\/wp\/v2\/posts\/25500","targetHints":{"allow":["GET"]}}],"collection":[{"href":"https:\/\/laultimapalabra.com.mx\/portal\/wp-json\/wp\/v2\/posts"}],"about":[{"href":"https:\/\/laultimapalabra.com.mx\/portal\/wp-json\/wp\/v2\/types\/post"}],"author":[{"embeddable":true,"href":"https:\/\/laultimapalabra.com.mx\/portal\/wp-json\/wp\/v2\/users\/9"}],"replies":[{"embeddable":true,"href":"https:\/\/laultimapalabra.com.mx\/portal\/wp-json\/wp\/v2\/comments?post=25500"}],"version-history":[{"count":2,"href":"https:\/\/laultimapalabra.com.mx\/portal\/wp-json\/wp\/v2\/posts\/25500\/revisions"}],"predecessor-version":[{"id":75289,"href":"https:\/\/laultimapalabra.com.mx\/portal\/wp-json\/wp\/v2\/posts\/25500\/revisions\/75289"}],"wp:featuredmedia":[{"embeddable":true,"href":"https:\/\/laultimapalabra.com.mx\/portal\/wp-json\/wp\/v2\/media\/25495"}],"wp:attachment":[{"href":"https:\/\/laultimapalabra.com.mx\/portal\/wp-json\/wp\/v2\/media?parent=25500"}],"wp:term":[{"taxonomy":"category","embeddable":true,"href":"https:\/\/laultimapalabra.com.mx\/portal\/wp-json\/wp\/v2\/categories?post=25500"},{"taxonomy":"post_tag","embeddable":true,"href":"https:\/\/laultimapalabra.com.mx\/portal\/wp-json\/wp\/v2\/tags?post=25500"}],"curies":[{"name":"wp","href":"https:\/\/api.w.org\/{rel}","templated":true}]}}