                       {"id":25546,"date":"2022-02-17T16:39:55","date_gmt":"2022-02-17T22:39:55","guid":{"rendered":"https:\/\/laultimapalabra.com.mx\/portal\/?p=25546"},"modified":"2024-12-11T11:16:01","modified_gmt":"2024-12-11T17:16:01","slug":"muere-motociclista-en-choque","status":"publish","type":"post","link":"https:\/\/laultimapalabra.com.mx\/portal\/muere-motociclista-en-choque\/","title":{"rendered":"Muere motociclista en choque\u00a0"},"content":{"rendered":"<p><span style=\"font-weight: 400;\"><img loading=\"lazy\" decoding=\"async\" class=\"size-medium wp-image-25556 alignleft\" src=\"https:\/\/laultimapalabra.com.mx\/portal\/wp-content\/uploads\/2022\/02\/IMG-20220217-WA0001-300x162.jpg\" alt=\"\" width=\"300\" height=\"162\" srcset=\"https:\/\/laultimapalabra.com.mx\/portal\/wp-content\/uploads\/2022\/02\/IMG-20220217-WA0001-300x162.jpg 300w, https:\/\/laultimapalabra.com.mx\/portal\/wp-content\/uploads\/2022\/02\/IMG-20220217-WA0001.jpg 720w\" sizes=\"auto, (max-width: 300px) 100vw, 300px\" \/>Cadereyta Jim\u00e9nez,\u00a0 N.L.- La tarde noche de ayer un motociclista perdi\u00f3 la vida en un choque frontal sobre la carretera hacia La Hacienda La Esperanza en el km 4 aproximadamente perteneciente al municipio de Cadereyta.<\/span><\/p>\n<p><span style=\"font-weight: 400;\">El incidente se present\u00f3 entre una camioneta marca toyota, tipo hilux, modelo 2020 con placas de circulaci\u00f3n PW-1368-A del estado de Nuevo Le\u00f3n en color blanco, la cual era conducida por Efra\u00edn G.\u00a0<\/span><\/p>\n<p><span style=\"font-weight: 400;\">Mientras que el otro implicado fue una motocicleta marca kurazai en color negro con rojo, la cual era conducida por Francisco Alejandro del Angel Aleman de 33 a\u00f1os de edad y quien lamentablemente perdi\u00f3 la vida en el accidente.<\/span><\/p>\n","protected":false},"excerpt":{"rendered":"<p>Cadereyta Jim\u00e9nez,\u00a0 N.L.- La tarde noche de ayer un motociclista perdi\u00f3 la vida en un choque frontal sobre la carretera hacia La Hacienda La Esperanza en el km 4 aproximadamente perteneciente al municipio de Cadereyta. El incidente se present\u00f3 entre una camioneta marca toyota, tipo hilux, modelo 2020 con placas de circulaci\u00f3n PW-1368-A del estado [&hellip;]<\/p>\n","protected":false},"author":9,"featured_media":25555,"comment_status":"closed","ping_status":"closed","sticky":false,"template":"","format":"standard","meta":{"footnotes":""},"categories":[17],"tags":[2747,3076],"class_list":["post-25546","post","type-post","status-publish","format-standard","has-post-thumbnail","hentry","category-locales-cadereyta","tag-accidentes-viales-cadereyta","tag-fuente-la-ultima-palabra"],"_links":{"self":[{"href":"https:\/\/laultimapalabra.com.mx\/portal\/wp-json\/wp\/v2\/posts\/25546","targetHints":{"allow":["GET"]}}],"collection":[{"href":"https:\/\/laultimapalabra.com.mx\/portal\/wp-json\/wp\/v2\/posts"}],"about":[{"href":"https:\/\/laultimapalabra.com.mx\/portal\/wp-json\/wp\/v2\/types\/post"}],"author":[{"embeddable":true,"href":"https:\/\/laultimapalabra.com.mx\/portal\/wp-json\/wp\/v2\/users\/9"}],"replies":[{"embeddable":true,"href":"https:\/\/laultimapalabra.com.mx\/portal\/wp-json\/wp\/v2\/comments?post=25546"}],"version-history":[{"count":2,"href":"https:\/\/laultimapalabra.com.mx\/portal\/wp-json\/wp\/v2\/posts\/25546\/revisions"}],"predecessor-version":[{"id":75307,"href":"https:\/\/laultimapalabra.com.mx\/portal\/wp-json\/wp\/v2\/posts\/25546\/revisions\/75307"}],"wp:featuredmedia":[{"embeddable":true,"href":"https:\/\/laultimapalabra.com.mx\/portal\/wp-json\/wp\/v2\/media\/25555"}],"wp:attachment":[{"href":"https:\/\/laultimapalabra.com.mx\/portal\/wp-json\/wp\/v2\/media?parent=25546"}],"wp:term":[{"taxonomy":"category","embeddable":true,"href":"https:\/\/laultimapalabra.com.mx\/portal\/wp-json\/wp\/v2\/categories?post=25546"},{"taxonomy":"post_tag","embeddable":true,"href":"https:\/\/laultimapalabra.com.mx\/portal\/wp-json\/wp\/v2\/tags?post=25546"}],"curies":[{"name":"wp","href":"https:\/\/api.w.org\/{rel}","templated":true}]}}