                       {"id":25560,"date":"2022-02-17T16:52:15","date_gmt":"2022-02-17T22:52:15","guid":{"rendered":"https:\/\/laultimapalabra.com.mx\/portal\/?p=25560"},"modified":"2024-12-11T11:16:01","modified_gmt":"2024-12-11T17:16:01","slug":"muere-otro-motociclista-en-cadereyta","status":"publish","type":"post","link":"https:\/\/laultimapalabra.com.mx\/portal\/muere-otro-motociclista-en-cadereyta\/","title":{"rendered":"Muere otro motociclista en Cadereyta\u00a0"},"content":{"rendered":"<p><img loading=\"lazy\" decoding=\"async\" class=\"size-medium wp-image-25547 alignleft\" src=\"https:\/\/laultimapalabra.com.mx\/portal\/wp-content\/uploads\/2022\/02\/IMG-20220217-WA0033-300x169.jpg\" alt=\"\" width=\"300\" height=\"169\" srcset=\"https:\/\/laultimapalabra.com.mx\/portal\/wp-content\/uploads\/2022\/02\/IMG-20220217-WA0033-300x169.jpg 300w, https:\/\/laultimapalabra.com.mx\/portal\/wp-content\/uploads\/2022\/02\/IMG-20220217-WA0033-1024x576.jpg 1024w, https:\/\/laultimapalabra.com.mx\/portal\/wp-content\/uploads\/2022\/02\/IMG-20220217-WA0033-768x432.jpg 768w, https:\/\/laultimapalabra.com.mx\/portal\/wp-content\/uploads\/2022\/02\/IMG-20220217-WA0033-1536x864.jpg 1536w, https:\/\/laultimapalabra.com.mx\/portal\/wp-content\/uploads\/2022\/02\/IMG-20220217-WA0033.jpg 1599w\" sizes=\"auto, (max-width: 300px) 100vw, 300px\" \/>Cadereyta Jim\u00e9nez, N.L.- Un motociclista m\u00e1s perdi\u00f3 la vida en el municipio de Cadereyta el dia de hoy, esta vez sobre la Carretera Cadereyta-Allende en el km 20, lo que es la entrada al Barranquito.<\/p>\n<p>El motociclista quien viajaba en direcci\u00f3n hacia Allende choc\u00f3 cuando una lobo F150 de la empresa Coconal iba saliendo del camino a San Isidro y el motociclista se impacta por la parte frontal y sale proyectado alrededor de 30metros perdiendo la vida, y quedando a un costado de la carretera su cuerpo.<\/p>\n<p>La motocicleta que era de tipo deportiva se consumi\u00f3 por las llamas; ya que se incendi\u00f3 por el fuerte impacto.<\/p>\n<p>Al lugar de los hechos acudieron elementos de Bomberos, Protecci\u00f3n Civil y Servicios de Emergencia Cadereyta; adem\u00e1s de elementos de la Cruz Roja Mexicana, quienes fueron los que determinaron que el hombre ya no ten\u00eda vida.<\/p>\n<p>Fuente: La \u00daltima Palabra<\/p>\n","protected":false},"excerpt":{"rendered":"<p>Cadereyta Jim\u00e9nez, N.L.- Un motociclista m\u00e1s perdi\u00f3 la vida en el municipio de Cadereyta el dia de hoy, esta vez sobre la Carretera Cadereyta-Allende en el km 20, lo que es la entrada al Barranquito. El motociclista quien viajaba en direcci\u00f3n hacia Allende choc\u00f3 cuando una lobo F150 de la empresa Coconal iba saliendo del [&hellip;]<\/p>\n","protected":false},"author":9,"featured_media":25548,"comment_status":"closed","ping_status":"closed","sticky":false,"template":"","format":"standard","meta":{"footnotes":""},"categories":[17],"tags":[2747,3076],"class_list":["post-25560","post","type-post","status-publish","format-standard","has-post-thumbnail","hentry","category-locales-cadereyta","tag-accidentes-viales-cadereyta","tag-fuente-la-ultima-palabra"],"_links":{"self":[{"href":"https:\/\/laultimapalabra.com.mx\/portal\/wp-json\/wp\/v2\/posts\/25560","targetHints":{"allow":["GET"]}}],"collection":[{"href":"https:\/\/laultimapalabra.com.mx\/portal\/wp-json\/wp\/v2\/posts"}],"about":[{"href":"https:\/\/laultimapalabra.com.mx\/portal\/wp-json\/wp\/v2\/types\/post"}],"author":[{"embeddable":true,"href":"https:\/\/laultimapalabra.com.mx\/portal\/wp-json\/wp\/v2\/users\/9"}],"replies":[{"embeddable":true,"href":"https:\/\/laultimapalabra.com.mx\/portal\/wp-json\/wp\/v2\/comments?post=25560"}],"version-history":[{"count":2,"href":"https:\/\/laultimapalabra.com.mx\/portal\/wp-json\/wp\/v2\/posts\/25560\/revisions"}],"predecessor-version":[{"id":75311,"href":"https:\/\/laultimapalabra.com.mx\/portal\/wp-json\/wp\/v2\/posts\/25560\/revisions\/75311"}],"wp:featuredmedia":[{"embeddable":true,"href":"https:\/\/laultimapalabra.com.mx\/portal\/wp-json\/wp\/v2\/media\/25548"}],"wp:attachment":[{"href":"https:\/\/laultimapalabra.com.mx\/portal\/wp-json\/wp\/v2\/media?parent=25560"}],"wp:term":[{"taxonomy":"category","embeddable":true,"href":"https:\/\/laultimapalabra.com.mx\/portal\/wp-json\/wp\/v2\/categories?post=25560"},{"taxonomy":"post_tag","embeddable":true,"href":"https:\/\/laultimapalabra.com.mx\/portal\/wp-json\/wp\/v2\/tags?post=25560"}],"curies":[{"name":"wp","href":"https:\/\/api.w.org\/{rel}","templated":true}]}}