                       {"id":25562,"date":"2022-02-17T16:55:24","date_gmt":"2022-02-17T22:55:24","guid":{"rendered":"https:\/\/laultimapalabra.com.mx\/portal\/?p=25562"},"modified":"2024-12-11T11:16:01","modified_gmt":"2024-12-11T17:16:01","slug":"llevan-examenes-de-la-vista-y-lentes-a-ninos-juarenses","status":"publish","type":"post","link":"https:\/\/laultimapalabra.com.mx\/portal\/llevan-examenes-de-la-vista-y-lentes-a-ninos-juarenses\/","title":{"rendered":"Llevan ex\u00e1menes de la vista y lentes a ni\u00f1os juarenses"},"content":{"rendered":"<p><span style=\"font-weight: 400;\"><img loading=\"lazy\" decoding=\"async\" class=\"size-medium wp-image-25553 alignleft\" src=\"https:\/\/laultimapalabra.com.mx\/portal\/wp-content\/uploads\/2022\/02\/IMG-20220217-WA0010-300x200.jpg\" alt=\"\" width=\"300\" height=\"200\" srcset=\"https:\/\/laultimapalabra.com.mx\/portal\/wp-content\/uploads\/2022\/02\/IMG-20220217-WA0010-300x200.jpg 300w, https:\/\/laultimapalabra.com.mx\/portal\/wp-content\/uploads\/2022\/02\/IMG-20220217-WA0010-1024x683.jpg 1024w, https:\/\/laultimapalabra.com.mx\/portal\/wp-content\/uploads\/2022\/02\/IMG-20220217-WA0010-768x512.jpg 768w, https:\/\/laultimapalabra.com.mx\/portal\/wp-content\/uploads\/2022\/02\/IMG-20220217-WA0010-1536x1024.jpg 1536w, https:\/\/laultimapalabra.com.mx\/portal\/wp-content\/uploads\/2022\/02\/IMG-20220217-WA0010.jpg 1599w\" sizes=\"auto, (max-width: 300px) 100vw, 300px\" \/>Ju\u00e1rez, N.L.- Para que los ni\u00f1os juarenses con problemas de la vista tengan un mejor desarrollo acad\u00e9mico, y en general una mejor calidad de vida, la Administraci\u00f3n municipal de Ju\u00e1rez llev\u00f3 a la Colonia Vistas del R\u00edo una brigada para atenderlos.<\/span><\/p>\n<p><span style=\"font-weight: 400;\">M\u00e1s de 200 peque\u00f1os fueron enlistados para acudir al Polivalente Vistas del R\u00edo, donde se les realizaron ex\u00e1menes de la vista y posteriormente recibieron lentes graduados gestionados por el Municipio ante la fundaci\u00f3n CLISA.<\/span><\/p>\n<p><span style=\"font-weight: 400;\">Los lentes que se entregaron durante este evento son hechos especialmente para ni\u00f1os, ya que tienen una armaz\u00f3n flexible y resistente.<\/span><\/p>\n<p><span style=\"font-weight: 400;\">Se inform\u00f3 que esta brigada ser\u00e1 llevada a otras colonias de Ju\u00e1rez, por lo que el Ayuntamiento hace un llamado a los padres de familia con hijos que padezcan problemas de la vista, para que se informen en la Secretar\u00eda de Desarrollo Social sobre las fechas y lugares donde habr\u00e1 este tipo de eventos.<\/span><\/p>\n<p><span style=\"font-weight: 400;\">Tambi\u00e9n se dijo que es importante que en las familias se detecte a los peque\u00f1os con problemas de visi\u00f3n, y se\u00f1al\u00f3 que algunos signos se observan cuando el ni\u00f1o ladea la cabeza y entrecierra los ojos al observar algo, adem\u00e1s de que tambi\u00e9n se le presentan ciertos dolores de cabeza.<\/span><\/p>\n","protected":false},"excerpt":{"rendered":"<p>Ju\u00e1rez, N.L.- Para que los ni\u00f1os juarenses con problemas de la vista tengan un mejor desarrollo acad\u00e9mico, y en general una mejor calidad de vida, la Administraci\u00f3n municipal de Ju\u00e1rez llev\u00f3 a la Colonia Vistas del R\u00edo una brigada para atenderlos. M\u00e1s de 200 peque\u00f1os fueron enlistados para acudir al Polivalente Vistas del R\u00edo, donde [&hellip;]<\/p>\n","protected":false},"author":9,"featured_media":25554,"comment_status":"closed","ping_status":"closed","sticky":false,"template":"","format":"standard","meta":{"footnotes":""},"categories":[18],"tags":[362,3480,1684],"class_list":["post-25562","post","type-post","status-publish","format-standard","has-post-thumbnail","hentry","category-locales-juarez","tag-brigadas-juarez","tag-fuente-gobierno-municipal-de-juarez-n-l","tag-paco-trevino"],"_links":{"self":[{"href":"https:\/\/laultimapalabra.com.mx\/portal\/wp-json\/wp\/v2\/posts\/25562","targetHints":{"allow":["GET"]}}],"collection":[{"href":"https:\/\/laultimapalabra.com.mx\/portal\/wp-json\/wp\/v2\/posts"}],"about":[{"href":"https:\/\/laultimapalabra.com.mx\/portal\/wp-json\/wp\/v2\/types\/post"}],"author":[{"embeddable":true,"href":"https:\/\/laultimapalabra.com.mx\/portal\/wp-json\/wp\/v2\/users\/9"}],"replies":[{"embeddable":true,"href":"https:\/\/laultimapalabra.com.mx\/portal\/wp-json\/wp\/v2\/comments?post=25562"}],"version-history":[{"count":2,"href":"https:\/\/laultimapalabra.com.mx\/portal\/wp-json\/wp\/v2\/posts\/25562\/revisions"}],"predecessor-version":[{"id":75313,"href":"https:\/\/laultimapalabra.com.mx\/portal\/wp-json\/wp\/v2\/posts\/25562\/revisions\/75313"}],"wp:featuredmedia":[{"embeddable":true,"href":"https:\/\/laultimapalabra.com.mx\/portal\/wp-json\/wp\/v2\/media\/25554"}],"wp:attachment":[{"href":"https:\/\/laultimapalabra.com.mx\/portal\/wp-json\/wp\/v2\/media?parent=25562"}],"wp:term":[{"taxonomy":"category","embeddable":true,"href":"https:\/\/laultimapalabra.com.mx\/portal\/wp-json\/wp\/v2\/categories?post=25562"},{"taxonomy":"post_tag","embeddable":true,"href":"https:\/\/laultimapalabra.com.mx\/portal\/wp-json\/wp\/v2\/tags?post=25562"}],"curies":[{"name":"wp","href":"https:\/\/api.w.org\/{rel}","templated":true}]}}