                       {"id":25573,"date":"2022-02-17T22:22:16","date_gmt":"2022-02-18T04:22:16","guid":{"rendered":"https:\/\/laultimapalabra.com.mx\/portal\/?p=25573"},"modified":"2024-12-11T11:16:01","modified_gmt":"2024-12-11T17:16:01","slug":"ejecutan-a-joven-en-la-bonfil","status":"publish","type":"post","link":"https:\/\/laultimapalabra.com.mx\/portal\/ejecutan-a-joven-en-la-bonfil\/","title":{"rendered":"Ejecutan a joven en la Bonfil\u00a0"},"content":{"rendered":"<p style=\"padding-left: 40px;\"><img loading=\"lazy\" decoding=\"async\" class=\"size-medium wp-image-25574 alignleft\" src=\"https:\/\/laultimapalabra.com.mx\/portal\/wp-content\/uploads\/2022\/02\/IMG-20220217-WA0070-300x169.jpg\" alt=\"\" width=\"300\" height=\"169\" srcset=\"https:\/\/laultimapalabra.com.mx\/portal\/wp-content\/uploads\/2022\/02\/IMG-20220217-WA0070-300x169.jpg 300w, https:\/\/laultimapalabra.com.mx\/portal\/wp-content\/uploads\/2022\/02\/IMG-20220217-WA0070-1024x576.jpg 1024w, https:\/\/laultimapalabra.com.mx\/portal\/wp-content\/uploads\/2022\/02\/IMG-20220217-WA0070-768x432.jpg 768w, https:\/\/laultimapalabra.com.mx\/portal\/wp-content\/uploads\/2022\/02\/IMG-20220217-WA0070.jpg 1152w\" sizes=\"auto, (max-width: 300px) 100vw, 300px\" \/><span style=\"font-size: 1rem;\">Cadereyta Jim\u00e9nez, N L.- Esta noche hombres armados dispararon contra un joven de 23 a\u00f1os de edad identificado como Eduardo, quit\u00e1ndole la vida en la colonia Alfredo V. Bonfil del municipio de Cadereyta.<\/span><\/p>\n<p>Los hechos se dieron en la calle Adolfo Lopez Mateos de la colonia ya mencionada, donde el joven present\u00f3 m\u00faltiples impactos de arma de fuego que lo dejaron lesionado; siendo trasladado por Servicios de Emergencia Cadereyta al Hospital de PEMEX donde minutos despu\u00e9s perdi\u00f3 la vida.<\/p>\n<p>Tras el ataque se recolectaron alrededor de 20 casquillos que quedaron percutidos en el lugar de los hechos y hasta el momento no se tienen datos de los presuntos responsables, haci\u00e9ndose presentes elementos de la Polic\u00eda Municipal, Fuerza Civil y de la AEI para las investigaciones correspondientes.<\/p>\n<p>Fuente: La \u00daltima Palabra<\/p>\n","protected":false},"excerpt":{"rendered":"<p>Cadereyta Jim\u00e9nez, N L.- Esta noche hombres armados dispararon contra un joven de 23 a\u00f1os de edad identificado como Eduardo, quit\u00e1ndole la vida en la colonia Alfredo V. Bonfil del municipio de Cadereyta. Los hechos se dieron en la calle Adolfo Lopez Mateos de la colonia ya mencionada, donde el joven present\u00f3 m\u00faltiples impactos de [&hellip;]<\/p>\n","protected":false},"author":9,"featured_media":25574,"comment_status":"closed","ping_status":"closed","sticky":false,"template":"","format":"standard","meta":{"footnotes":""},"categories":[17,8,9],"tags":[926,3076],"class_list":["post-25573","post","type-post","status-publish","format-standard","has-post-thumbnail","hentry","category-locales-cadereyta","category-seguridad","category-seguridad-cadereyta","tag-ejecutados-cadereyta","tag-fuente-la-ultima-palabra"],"_links":{"self":[{"href":"https:\/\/laultimapalabra.com.mx\/portal\/wp-json\/wp\/v2\/posts\/25573","targetHints":{"allow":["GET"]}}],"collection":[{"href":"https:\/\/laultimapalabra.com.mx\/portal\/wp-json\/wp\/v2\/posts"}],"about":[{"href":"https:\/\/laultimapalabra.com.mx\/portal\/wp-json\/wp\/v2\/types\/post"}],"author":[{"embeddable":true,"href":"https:\/\/laultimapalabra.com.mx\/portal\/wp-json\/wp\/v2\/users\/9"}],"replies":[{"embeddable":true,"href":"https:\/\/laultimapalabra.com.mx\/portal\/wp-json\/wp\/v2\/comments?post=25573"}],"version-history":[{"count":3,"href":"https:\/\/laultimapalabra.com.mx\/portal\/wp-json\/wp\/v2\/posts\/25573\/revisions"}],"predecessor-version":[{"id":75321,"href":"https:\/\/laultimapalabra.com.mx\/portal\/wp-json\/wp\/v2\/posts\/25573\/revisions\/75321"}],"wp:featuredmedia":[{"embeddable":true,"href":"https:\/\/laultimapalabra.com.mx\/portal\/wp-json\/wp\/v2\/media\/25574"}],"wp:attachment":[{"href":"https:\/\/laultimapalabra.com.mx\/portal\/wp-json\/wp\/v2\/media?parent=25573"}],"wp:term":[{"taxonomy":"category","embeddable":true,"href":"https:\/\/laultimapalabra.com.mx\/portal\/wp-json\/wp\/v2\/categories?post=25573"},{"taxonomy":"post_tag","embeddable":true,"href":"https:\/\/laultimapalabra.com.mx\/portal\/wp-json\/wp\/v2\/tags?post=25573"}],"curies":[{"name":"wp","href":"https:\/\/api.w.org\/{rel}","templated":true}]}}