                       {"id":256,"date":"2018-02-08T23:45:19","date_gmt":"2018-02-08T23:45:19","guid":{"rendered":"http:\/\/laultimapalabra.info\/?p=256"},"modified":"2024-12-11T08:36:55","modified_gmt":"2024-12-11T14:36:55","slug":"usted-tiene-la-ultima-palabra-2","status":"publish","type":"post","link":"https:\/\/laultimapalabra.com.mx\/portal\/usted-tiene-la-ultima-palabra-2\/","title":{"rendered":"Usted tiene&#8230;La \u00daltima Palabra"},"content":{"rendered":"<p style=\"text-align: justify;\"><strong>Fuera de tiempo<\/strong><br \/>\nEl pasado 30 de enero, el aspirante a candidato independiente a la Presidencia de la Rep\u00fablica, Armando R\u00edos Peter, escribi\u00f3 en su cuenta de twitter: \u201cCon las \u00faltimas encuestas, es claro que URGE una candidatura independiente \u00fanica que pueda competir por la Presidencia de M\u00e9xico. Le digo a @JaimeRdzNL y a @MZavalagc que estoy dispuesto a platicar de inmediato y pensar en una plataforma com\u00fan\u201d. Inclusive, gr\u00e1ficamente, mostr\u00f3 una encuesta donde, si van solos, alcanzar\u00eda cada uno 5%, contrast\u00e1ndolo con una candidatura \u00fanica que les dar\u00eda, en teor\u00eda, 15%.<br \/>\nDe entrada puede parecer l\u00f3gica la propuesta, sin embargo, no se puede aplicar una simple suma para concluir que llegar\u00edan a obtener ese porcentaje. La cuesti\u00f3n es simple, no es muy factible que los simpatizantes de Margarita Zavala, autom\u00e1ticamente, le den el voto al Bronco, o que los seguidores de R\u00edos Piter declinen a favor de Margarita.<br \/>\nEn este sentido, la propuesta parece estar fuera de tiempo, y no porque sea irrealizable por cuestiones legales, sino porque cada uno ya pidi\u00f3 las firmas para su persona. Lo ideal hubiera sido que llegaran a un acuerdo antes del proceso de recolecci\u00f3n y, entonces s\u00ed, hubieran agarrado una fuerza mayor.<br \/>\nAdem\u00e1s, el dar una firma no compromete el voto, bien sabemos que muchos de los que la han dado es por amistad con el gestor o simplemente porque aprueban que haya candidatos independientes, lo cual no significa que efectivamente dar\u00e1n el voto por alguno de ellos.<br \/>\nPor otro lado, en el supuesto caso de que quienes obsequiaron su firma est\u00e9n contra los partidos, eso tampoco asegura que vayan a votar por los independientes, pues en una elecci\u00f3n tan cerrada, el voto \u00fatil ser\u00e1 una opci\u00f3n o un recurso al que podr\u00edan recurrir los ciudadanos para no \u201cdesperdiciar\u201d el sufragio.<br \/>\nAhora bien, lo anterior es una posibilidad muy probable, pero no se puede negar tajantemente que una candidatura \u00fanica pudiera resultar positiva. No hay que olvidar que en pol\u00edtica, as\u00ed como en las preferencias del electorado, todo puede pasar.<br \/>\nSin embargo, tendr\u00eda que suceder algo extraordinario, algo fuera de lo com\u00fan, como sucedi\u00f3 en Nuevo Le\u00f3n en 2015, en la cual la candidatura independiente de Jaime Rodr\u00edguez Calder\u00f3n termin\u00f3 arrasando las elecciones, y a la cual no se le daba muchas posibilidades al iniciar la contienda.<br \/>\nAs\u00ed las cosas, el pron\u00f3stico de entrada es que la candidatura independiente, (independientemente que se puedan poner de acuerdo, lo cual tambi\u00e9n veo muy dif\u00edcil por los \u201cegos\u201d e intereses personales), no tendr\u00eda muchas posibilidades de ganar. Aunque con eso de que el \u201cBronco\u201d, \u00faltimamente habla mucho de fe y de creer en Dios, pues muy seguramente le est\u00e1 pidiendo el milagrito para ser \u00e9l.<br \/>\nEsta es mi opini\u00f3n, usted tiene La \u00daltima Palabra.<\/p>\n","protected":false},"excerpt":{"rendered":"<p>Fuera de tiempo El pasado 30 de enero, el aspirante a candidato independiente a la Presidencia de la Rep\u00fablica, Armando R\u00edos Peter, escribi\u00f3 en su cuenta de twitter: \u201cCon las \u00faltimas encuestas, es claro que URGE una candidatura independiente \u00fanica que pueda competir por la Presidencia de M\u00e9xico. Le digo a @JaimeRdzNL y a @MZavalagc [&hellip;]<\/p>\n","protected":false},"author":9,"featured_media":0,"comment_status":"open","ping_status":"closed","sticky":false,"template":"","format":"standard","meta":{"footnotes":""},"categories":[1],"tags":[1277],"class_list":["post-256","post","type-post","status-publish","format-standard","hentry","category-noticias","tag-ing-jesus-herrera"],"_links":{"self":[{"href":"https:\/\/laultimapalabra.com.mx\/portal\/wp-json\/wp\/v2\/posts\/256","targetHints":{"allow":["GET"]}}],"collection":[{"href":"https:\/\/laultimapalabra.com.mx\/portal\/wp-json\/wp\/v2\/posts"}],"about":[{"href":"https:\/\/laultimapalabra.com.mx\/portal\/wp-json\/wp\/v2\/types\/post"}],"author":[{"embeddable":true,"href":"https:\/\/laultimapalabra.com.mx\/portal\/wp-json\/wp\/v2\/users\/9"}],"replies":[{"embeddable":true,"href":"https:\/\/laultimapalabra.com.mx\/portal\/wp-json\/wp\/v2\/comments?post=256"}],"version-history":[{"count":1,"href":"https:\/\/laultimapalabra.com.mx\/portal\/wp-json\/wp\/v2\/posts\/256\/revisions"}],"predecessor-version":[{"id":63197,"href":"https:\/\/laultimapalabra.com.mx\/portal\/wp-json\/wp\/v2\/posts\/256\/revisions\/63197"}],"wp:attachment":[{"href":"https:\/\/laultimapalabra.com.mx\/portal\/wp-json\/wp\/v2\/media?parent=256"}],"wp:term":[{"taxonomy":"category","embeddable":true,"href":"https:\/\/laultimapalabra.com.mx\/portal\/wp-json\/wp\/v2\/categories?post=256"},{"taxonomy":"post_tag","embeddable":true,"href":"https:\/\/laultimapalabra.com.mx\/portal\/wp-json\/wp\/v2\/tags?post=256"}],"curies":[{"name":"wp","href":"https:\/\/api.w.org\/{rel}","templated":true}]}}