                       {"id":25617,"date":"2022-02-21T19:39:14","date_gmt":"2022-02-22T01:39:14","guid":{"rendered":"https:\/\/laultimapalabra.com.mx\/portal\/?p=25617"},"modified":"2024-12-11T11:16:02","modified_gmt":"2024-12-11T17:16:02","slug":"le-arremangan-costado-en-cadereyta","status":"publish","type":"post","link":"https:\/\/laultimapalabra.com.mx\/portal\/le-arremangan-costado-en-cadereyta\/","title":{"rendered":"Le arremangan costado en Cadereyta\u00a0"},"content":{"rendered":"<p><span style=\"font-weight: 400;\"><img loading=\"lazy\" decoding=\"async\" class=\"size-medium wp-image-25639 alignleft\" src=\"https:\/\/laultimapalabra.com.mx\/portal\/wp-content\/uploads\/2022\/02\/IMG-20220221-WA0011-300x144.jpg\" alt=\"\" width=\"300\" height=\"144\" srcset=\"https:\/\/laultimapalabra.com.mx\/portal\/wp-content\/uploads\/2022\/02\/IMG-20220221-WA0011-300x144.jpg 300w, https:\/\/laultimapalabra.com.mx\/portal\/wp-content\/uploads\/2022\/02\/IMG-20220221-WA0011-1024x492.jpg 1024w, https:\/\/laultimapalabra.com.mx\/portal\/wp-content\/uploads\/2022\/02\/IMG-20220221-WA0011-768x369.jpg 768w, https:\/\/laultimapalabra.com.mx\/portal\/wp-content\/uploads\/2022\/02\/IMG-20220221-WA0011.jpg 1040w\" sizes=\"auto, (max-width: 300px) 100vw, 300px\" \/>Cadereyta Jim\u00e9nez, N.L.- Un aparatoso accidente vial se suscit\u00f3 el d\u00eda de hoy sobre la carretera libre a Reynosa en el km 26, donde participaron una camioneta de caja seca y un stratus en el municipio de Cadereyta.\u00a0<\/span><\/p>\n<p><span style=\"font-weight: 400;\">El accidente se suscit\u00f3 cuando ambos veh\u00edculos iban en circulaci\u00f3n hacia Cadereyta, pero al rebasar la camioneta no midi\u00f3 la distancia y termina por impactar al stratus en un costado por la parte trasera &#8220;arremangandolo&#8221; por completo.<\/span><\/p>\n<p><span style=\"font-weight: 400;\">Afortunadamente no hubo lesionados, s\u00f3lo los da\u00f1os materiales.\u00a0<\/span><\/p>\n<p><span style=\"font-weight: 400;\">Siendo elementos de Tr\u00e1nsito Municipal, quienes realizaron el parte informativo correspondiente de los hechos para deslindar responsabilidades.\u00a0<\/span><\/p>\n","protected":false},"excerpt":{"rendered":"<p>Cadereyta Jim\u00e9nez, N.L.- Un aparatoso accidente vial se suscit\u00f3 el d\u00eda de hoy sobre la carretera libre a Reynosa en el km 26, donde participaron una camioneta de caja seca y un stratus en el municipio de Cadereyta.\u00a0 El accidente se suscit\u00f3 cuando ambos veh\u00edculos iban en circulaci\u00f3n hacia Cadereyta, pero al rebasar la camioneta [&hellip;]<\/p>\n","protected":false},"author":9,"featured_media":25638,"comment_status":"closed","ping_status":"closed","sticky":false,"template":"","format":"standard","meta":{"footnotes":""},"categories":[17,1],"tags":[2747,3076],"class_list":["post-25617","post","type-post","status-publish","format-standard","has-post-thumbnail","hentry","category-locales-cadereyta","category-noticias","tag-accidentes-viales-cadereyta","tag-fuente-la-ultima-palabra"],"_links":{"self":[{"href":"https:\/\/laultimapalabra.com.mx\/portal\/wp-json\/wp\/v2\/posts\/25617","targetHints":{"allow":["GET"]}}],"collection":[{"href":"https:\/\/laultimapalabra.com.mx\/portal\/wp-json\/wp\/v2\/posts"}],"about":[{"href":"https:\/\/laultimapalabra.com.mx\/portal\/wp-json\/wp\/v2\/types\/post"}],"author":[{"embeddable":true,"href":"https:\/\/laultimapalabra.com.mx\/portal\/wp-json\/wp\/v2\/users\/9"}],"replies":[{"embeddable":true,"href":"https:\/\/laultimapalabra.com.mx\/portal\/wp-json\/wp\/v2\/comments?post=25617"}],"version-history":[{"count":3,"href":"https:\/\/laultimapalabra.com.mx\/portal\/wp-json\/wp\/v2\/posts\/25617\/revisions"}],"predecessor-version":[{"id":75349,"href":"https:\/\/laultimapalabra.com.mx\/portal\/wp-json\/wp\/v2\/posts\/25617\/revisions\/75349"}],"wp:featuredmedia":[{"embeddable":true,"href":"https:\/\/laultimapalabra.com.mx\/portal\/wp-json\/wp\/v2\/media\/25638"}],"wp:attachment":[{"href":"https:\/\/laultimapalabra.com.mx\/portal\/wp-json\/wp\/v2\/media?parent=25617"}],"wp:term":[{"taxonomy":"category","embeddable":true,"href":"https:\/\/laultimapalabra.com.mx\/portal\/wp-json\/wp\/v2\/categories?post=25617"},{"taxonomy":"post_tag","embeddable":true,"href":"https:\/\/laultimapalabra.com.mx\/portal\/wp-json\/wp\/v2\/tags?post=25617"}],"curies":[{"name":"wp","href":"https:\/\/api.w.org\/{rel}","templated":true}]}}