                       {"id":25627,"date":"2022-02-21T19:45:38","date_gmt":"2022-02-22T01:45:38","guid":{"rendered":"https:\/\/laultimapalabra.com.mx\/portal\/?p=25627"},"modified":"2024-12-11T11:16:02","modified_gmt":"2024-12-11T17:16:02","slug":"resulta-mujer-lesionada-en-accidente-vial-en-cadereyta","status":"publish","type":"post","link":"https:\/\/laultimapalabra.com.mx\/portal\/resulta-mujer-lesionada-en-accidente-vial-en-cadereyta\/","title":{"rendered":"Resulta mujer lesionada en accidente vial en Cadereyta"},"content":{"rendered":"<p><span style=\"font-weight: 400;\"><img loading=\"lazy\" decoding=\"async\" class=\"size-medium wp-image-25634 alignleft\" src=\"https:\/\/laultimapalabra.com.mx\/portal\/wp-content\/uploads\/2022\/02\/IMG-20220221-WA0032-300x144.jpg\" alt=\"\" width=\"300\" height=\"144\" srcset=\"https:\/\/laultimapalabra.com.mx\/portal\/wp-content\/uploads\/2022\/02\/IMG-20220221-WA0032-300x144.jpg 300w, https:\/\/laultimapalabra.com.mx\/portal\/wp-content\/uploads\/2022\/02\/IMG-20220221-WA0032-1024x492.jpg 1024w, https:\/\/laultimapalabra.com.mx\/portal\/wp-content\/uploads\/2022\/02\/IMG-20220221-WA0032-768x369.jpg 768w, https:\/\/laultimapalabra.com.mx\/portal\/wp-content\/uploads\/2022\/02\/IMG-20220221-WA0032.jpg 1040w\" sizes=\"auto, (max-width: 300px) 100vw, 300px\" \/>Cadereyta Jim\u00e9nez,\u00a0 N.L.- Una mujer que conduc\u00eda una motocicleta result\u00f3 lesionada despu\u00e9s de protagonizar un accidente vial en el municipio de Cadereyta.\u00a0<\/span><\/p>\n<p><span style=\"font-weight: 400;\">Los hechos se dieron en el cruce del Boulevard Benito Ju\u00e1rez con Jose Mauro Garza, donde una camioneta al intentar ingresar a esta ultima calle no hace alto correspondiente impactando a la motociclista para despues darse a la fuga.<\/span><\/p>\n<p><span style=\"font-weight: 400;\">Se trat\u00f3 de una motocicleta Honda a cargo 150, siendo lesionada la conductora de la misma quien responde al nombre de Norma, quien fue trasladada por Servicios de Emergencia Cadereyta a la Cl\u00ednica San Andr\u00e9s para su valoracion medica.<\/span><\/p>\n","protected":false},"excerpt":{"rendered":"<p>Cadereyta Jim\u00e9nez,\u00a0 N.L.- Una mujer que conduc\u00eda una motocicleta result\u00f3 lesionada despu\u00e9s de protagonizar un accidente vial en el municipio de Cadereyta.\u00a0 Los hechos se dieron en el cruce del Boulevard Benito Ju\u00e1rez con Jose Mauro Garza, donde una camioneta al intentar ingresar a esta ultima calle no hace alto correspondiente impactando a la motociclista [&hellip;]<\/p>\n","protected":false},"author":9,"featured_media":25635,"comment_status":"closed","ping_status":"closed","sticky":false,"template":"","format":"standard","meta":{"footnotes":""},"categories":[17],"tags":[2747,3076,3557],"class_list":["post-25627","post","type-post","status-publish","format-standard","has-post-thumbnail","hentry","category-locales-cadereyta","tag-accidentes-viales-cadereyta","tag-fuente-la-ultima-palabra","tag-motociclistas-cadereyta"],"_links":{"self":[{"href":"https:\/\/laultimapalabra.com.mx\/portal\/wp-json\/wp\/v2\/posts\/25627","targetHints":{"allow":["GET"]}}],"collection":[{"href":"https:\/\/laultimapalabra.com.mx\/portal\/wp-json\/wp\/v2\/posts"}],"about":[{"href":"https:\/\/laultimapalabra.com.mx\/portal\/wp-json\/wp\/v2\/types\/post"}],"author":[{"embeddable":true,"href":"https:\/\/laultimapalabra.com.mx\/portal\/wp-json\/wp\/v2\/users\/9"}],"replies":[{"embeddable":true,"href":"https:\/\/laultimapalabra.com.mx\/portal\/wp-json\/wp\/v2\/comments?post=25627"}],"version-history":[{"count":3,"href":"https:\/\/laultimapalabra.com.mx\/portal\/wp-json\/wp\/v2\/posts\/25627\/revisions"}],"predecessor-version":[{"id":75359,"href":"https:\/\/laultimapalabra.com.mx\/portal\/wp-json\/wp\/v2\/posts\/25627\/revisions\/75359"}],"wp:featuredmedia":[{"embeddable":true,"href":"https:\/\/laultimapalabra.com.mx\/portal\/wp-json\/wp\/v2\/media\/25635"}],"wp:attachment":[{"href":"https:\/\/laultimapalabra.com.mx\/portal\/wp-json\/wp\/v2\/media?parent=25627"}],"wp:term":[{"taxonomy":"category","embeddable":true,"href":"https:\/\/laultimapalabra.com.mx\/portal\/wp-json\/wp\/v2\/categories?post=25627"},{"taxonomy":"post_tag","embeddable":true,"href":"https:\/\/laultimapalabra.com.mx\/portal\/wp-json\/wp\/v2\/tags?post=25627"}],"curies":[{"name":"wp","href":"https:\/\/api.w.org\/{rel}","templated":true}]}}