                       {"id":25688,"date":"2022-02-22T15:59:12","date_gmt":"2022-02-22T21:59:12","guid":{"rendered":"https:\/\/laultimapalabra.com.mx\/portal\/?p=25688"},"modified":"2024-12-11T11:16:02","modified_gmt":"2024-12-11T17:16:02","slug":"choca-contra-poste-en-cadereyta","status":"publish","type":"post","link":"https:\/\/laultimapalabra.com.mx\/portal\/choca-contra-poste-en-cadereyta\/","title":{"rendered":"Choca contra poste en Cadereyta\u00a0"},"content":{"rendered":"<p><span style=\"font-weight: 400;\"><img loading=\"lazy\" decoding=\"async\" class=\"size-medium wp-image-25731 alignleft\" src=\"https:\/\/laultimapalabra.com.mx\/portal\/wp-content\/uploads\/2022\/02\/WhatsApp-Image-2022-02-22-at-8.43.50-PM-2-300x144.jpeg\" alt=\"\" width=\"300\" height=\"144\" srcset=\"https:\/\/laultimapalabra.com.mx\/portal\/wp-content\/uploads\/2022\/02\/WhatsApp-Image-2022-02-22-at-8.43.50-PM-2-300x144.jpeg 300w, https:\/\/laultimapalabra.com.mx\/portal\/wp-content\/uploads\/2022\/02\/WhatsApp-Image-2022-02-22-at-8.43.50-PM-2-1024x492.jpeg 1024w, https:\/\/laultimapalabra.com.mx\/portal\/wp-content\/uploads\/2022\/02\/WhatsApp-Image-2022-02-22-at-8.43.50-PM-2-768x369.jpeg 768w, https:\/\/laultimapalabra.com.mx\/portal\/wp-content\/uploads\/2022\/02\/WhatsApp-Image-2022-02-22-at-8.43.50-PM-2.jpeg 1040w\" sizes=\"auto, (max-width: 300px) 100vw, 300px\" \/><\/span><span style=\"font-weight: 400;\">Cadereyta Jimenez, N.L.- Un accidente vial se suscit\u00f3 este dia en la colonia Emiliano Zapata del municipio de Cadereyta.\u00a0<\/span><\/p>\n<p><span style=\"font-weight: 400;\">Los hechos se dieron en la calle Basilio Sanchez casi al llegar a Jes\u00fas Sandoval, donde un veh\u00edculo sentra en color plata se estrell\u00f3 contra un poste de la CFE, resultando su conductor con algunas lesiones.<\/span><\/p>\n<p><span style=\"font-weight: 400;\">El lesionado fue trasladado para su valoraci\u00f3n m\u00e9dica a la cl\u00ednica 14 del Imss, mientras que elementos de Tr\u00e1nsito Municipal de Cadereyta fueron los responsables de levantar el parte informativo sobre el accidente.\u00a0<\/span><\/p>\n","protected":false},"excerpt":{"rendered":"<p>Cadereyta Jimenez, N.L.- Un accidente vial se suscit\u00f3 este dia en la colonia Emiliano Zapata del municipio de Cadereyta.\u00a0 Los hechos se dieron en la calle Basilio Sanchez casi al llegar a Jes\u00fas Sandoval, donde un veh\u00edculo sentra en color plata se estrell\u00f3 contra un poste de la CFE, resultando su conductor con algunas lesiones. [&hellip;]<\/p>\n","protected":false},"author":9,"featured_media":25731,"comment_status":"closed","ping_status":"closed","sticky":false,"template":"","format":"standard","meta":{"footnotes":""},"categories":[17],"tags":[2747,3563,3076],"class_list":["post-25688","post","type-post","status-publish","format-standard","has-post-thumbnail","hentry","category-locales-cadereyta","tag-accidentes-viales-cadereyta","tag-ch","tag-fuente-la-ultima-palabra"],"_links":{"self":[{"href":"https:\/\/laultimapalabra.com.mx\/portal\/wp-json\/wp\/v2\/posts\/25688","targetHints":{"allow":["GET"]}}],"collection":[{"href":"https:\/\/laultimapalabra.com.mx\/portal\/wp-json\/wp\/v2\/posts"}],"about":[{"href":"https:\/\/laultimapalabra.com.mx\/portal\/wp-json\/wp\/v2\/types\/post"}],"author":[{"embeddable":true,"href":"https:\/\/laultimapalabra.com.mx\/portal\/wp-json\/wp\/v2\/users\/9"}],"replies":[{"embeddable":true,"href":"https:\/\/laultimapalabra.com.mx\/portal\/wp-json\/wp\/v2\/comments?post=25688"}],"version-history":[{"count":5,"href":"https:\/\/laultimapalabra.com.mx\/portal\/wp-json\/wp\/v2\/posts\/25688\/revisions"}],"predecessor-version":[{"id":75365,"href":"https:\/\/laultimapalabra.com.mx\/portal\/wp-json\/wp\/v2\/posts\/25688\/revisions\/75365"}],"wp:featuredmedia":[{"embeddable":true,"href":"https:\/\/laultimapalabra.com.mx\/portal\/wp-json\/wp\/v2\/media\/25731"}],"wp:attachment":[{"href":"https:\/\/laultimapalabra.com.mx\/portal\/wp-json\/wp\/v2\/media?parent=25688"}],"wp:term":[{"taxonomy":"category","embeddable":true,"href":"https:\/\/laultimapalabra.com.mx\/portal\/wp-json\/wp\/v2\/categories?post=25688"},{"taxonomy":"post_tag","embeddable":true,"href":"https:\/\/laultimapalabra.com.mx\/portal\/wp-json\/wp\/v2\/tags?post=25688"}],"curies":[{"name":"wp","href":"https:\/\/api.w.org\/{rel}","templated":true}]}}