                       {"id":2587,"date":"2018-07-20T00:41:31","date_gmt":"2018-07-20T00:41:31","guid":{"rendered":"http:\/\/laultimapalabra.info\/?p=2587"},"modified":"2024-12-11T08:37:21","modified_gmt":"2024-12-11T14:37:21","slug":"el-quemador-24","status":"publish","type":"post","link":"https:\/\/laultimapalabra.com.mx\/portal\/el-quemador-24\/","title":{"rendered":"El Quemador"},"content":{"rendered":"<p style=\"text-align: justify;\"><img loading=\"lazy\" decoding=\"async\" class=\"size-medium wp-image-159 alignleft\" src=\"https:\/\/laultimapalabra.com.mx\/portal\/wp-content\/uploads\/2018\/02\/Banner-Caliente-copia-300x171.jpg\" alt=\"\" width=\"300\" height=\"171\" \/>Por: El Repre<\/p>\n<p style=\"text-align: justify;\">S\u00daPER FALY FEST<br \/>\nIniciamos esta columneja cont\u00e1ndoles que los festejos de S\u00faper Faly por su cumplea\u00f1os se est\u00e1n descontrolando considerablemente\u2026y es que inicio con un festejo diario, pero ahora ya son dos y hasta 3 festejos por d\u00eda\u2026ah!!! y hasta el d\u00eda de hoy los festejos ya est\u00e1n programadas hasta la primera semana de agosto\u2026as\u00ed que nadie para las S\u00faper Faly Fest 2018!!<br \/>\nREELECCI\u00d3N<br \/>\nPor cierto que a todos aquellos que nos escriben pregunt\u00e1ndonos que como vemos el tema de la reelecci\u00f3n, pues les decimos que no se confundan y mucho menos le duden, la reelecci\u00f3n es inminente, o sea, si habr\u00e1 reelecci\u00f3n y el Secretario General para el trienio 2019-2021 ser\u00e1 el S\u00faper Faly Ortu\u00f1o\u2026y apu\u00e9stenle compitas, porque as\u00ed ser\u00e1!!<br \/>\nLA PAREJA DEL A\u00d1O<br \/>\nCambiando de tema, a cuantos correos recibimos para decirnos que efectivamente es muy notoria la \u201cbonita amistad\u201d que tienen Claudita Guevara y Pepe Lui\u2019 Campos\u2026y que bueno que muchos m\u00e1s se dan cuenta y confirman lo que aqu\u00ed publicamos\u2026y que bueno tambi\u00e9n por el gran amor, perd\u00f3n afecto que se demuestran Guevara y Campos, que bien pudieran representar a la pareja del a\u00f1o sindical 2018!!<br \/>\nTERNURITAS<br \/>\nHagan de cuenta Do\u00f1a Florinda y el Profesor Jirafales cuando se ve\u00edan en el patio de la vecindad del Chavo, solo que aqu\u00ed es el lobby del edificio y con distintas complexiones, claro, y en lugar de flores, la Caya trae tacos\u2026as\u00ed tal cual se demuestran sus sentimientos y no importa qui\u00e9n los mire o este a su alrededor, ellos se pierden para echarse su tacita de caf\u00e9 con az\u00facar de la que no engorda\u2026que viva el amor, y que vivan los valientes funcionarios\u2026ternuritas!!<br \/>\nEL PAT\u00c1N VEGA<br \/>\nDel que nos siguieron cayendo correos fue del \u201cintachable\u201d Potrito Vega\u2026y miren nomas de lo que se entera uno, no cabe duda que Josuesito es un pat\u00e1n por no decirle una basura\u2026pues resulta que despu\u00e9s de pas\u00e1rsela cortejando y acosando a la bella chica Granados y conseguir lo que quer\u00eda, pues nom\u00e1s no respondi\u00f3 y se le ech\u00f3 para atr\u00e1s a la ni\u00f1a dej\u00e1ndola a su suerte y con tremendo problem\u00f3n\u2026s\u00edganle!!<br \/>\nPOCOHOMBRE<br \/>\nLa verdad nos da pena redactar tal cual lo que el pat\u00e1n Vega le hizo a la chica Granados, lo que si les diremos que es una de las peores bajezas que un hombre le pueda hacer a una mujer (claro que Josu\u00e9 no califica como hombre)\u2026y as\u00ed sue\u00f1a con ser Secretario General o tener alg\u00fan cargo, ni Dios lo quiera\u2026cuiden a sus hijas compitas y al\u00e9jenlas del pat\u00e1n y poco hombre Vega!!<\/p>\n<p style=\"text-align: justify;\">M\u00c1S DE CUADRILLAS<br \/>\nDe Cuadrillas nos env\u00edan la lista de sujetos que se andan candidateando desde ya para las pr\u00f3ximas elecciones del Comit\u00e9 Ejecutivo Local\u2026la temible lista la encabeza el valedor de la Wawara Delgado que se niega a dejar la ubre sindical, no obstante de que aparte de que no hace nada se pone a echarle mentadas y groser\u00edas al mismo Don Carlos Romero, nom\u00e1s porque el muy tontejo crey\u00f3 que le quitar\u00eda el pago del incentivo\u2026le deber\u00edan quitar el pago de la comisi\u00f3n que para nada merece, s\u00edganle!!<br \/>\nSE SUMAN<br \/>\nA la lista se suman los jefes Dantito Escamilla y Popo Gonz\u00e1lez que nadie traga y quiere\u2026tambi\u00e9n quieren hueso otra vez Antonio el tordo, Omarsito Lugo, Andres\u00edn Mart\u00ednez y el prepotente mayor Martin el Charm\u00edn actual Repre que no sabe atender a la gente y quiere seguir con el hueso\u2026claro, para que a su hermanita no le falte contrato aunque sea de los de este muy abajo del escalaf\u00f3n&#8230;de todos no se hace uno!!<br \/>\nLA TERE<br \/>\nLa Tere Medinis del Hospital sigue terca con ser comisionada sindical\u2026si as\u00ed tiene a su hijo como de planta en una plaza de nivel alto sin que nadie se lo toque\u2026y del CENDI, pues si tiene un relaci\u00f3n directa con la Paola, aunque se dice que har\u00e1 alianza con las Guacamayas de la Moni y la Lili para tener el control total del Hospital y CENDI!!<br \/>\nNEPOTISMO<br \/>\nNos cuentan que en Ventas trabajan el hijo del Jefe de Operaci\u00f3n el Arq. Soriano, y el hermano de la Genowebas la Ing. de L\u00ednea\u2026los dos son subordinados de sus mismos familiares directos, ojala pongan cartas en el asunto porque ya no aguantan a ese par de lacras los compitas de toda la TAD!!&#8230;Arrivederchi!!<\/p>\n","protected":false},"excerpt":{"rendered":"<p>Por: El Repre S\u00daPER FALY FEST Iniciamos esta columneja cont\u00e1ndoles que los festejos de S\u00faper Faly por su cumplea\u00f1os se est\u00e1n descontrolando considerablemente\u2026y es que inicio con un festejo diario, pero ahora ya son dos y hasta 3 festejos por d\u00eda\u2026ah!!! y hasta el d\u00eda de hoy los festejos ya est\u00e1n programadas hasta la primera [&hellip;]<\/p>\n","protected":false},"author":9,"featured_media":159,"comment_status":"open","ping_status":"closed","sticky":false,"template":"","format":"standard","meta":{"footnotes":""},"categories":[1],"tags":[944],"class_list":["post-2587","post","type-post","status-publish","format-standard","has-post-thumbnail","hentry","category-noticias","tag-el-repre-el-quemador"],"_links":{"self":[{"href":"https:\/\/laultimapalabra.com.mx\/portal\/wp-json\/wp\/v2\/posts\/2587","targetHints":{"allow":["GET"]}}],"collection":[{"href":"https:\/\/laultimapalabra.com.mx\/portal\/wp-json\/wp\/v2\/posts"}],"about":[{"href":"https:\/\/laultimapalabra.com.mx\/portal\/wp-json\/wp\/v2\/types\/post"}],"author":[{"embeddable":true,"href":"https:\/\/laultimapalabra.com.mx\/portal\/wp-json\/wp\/v2\/users\/9"}],"replies":[{"embeddable":true,"href":"https:\/\/laultimapalabra.com.mx\/portal\/wp-json\/wp\/v2\/comments?post=2587"}],"version-history":[{"count":1,"href":"https:\/\/laultimapalabra.com.mx\/portal\/wp-json\/wp\/v2\/posts\/2587\/revisions"}],"predecessor-version":[{"id":64405,"href":"https:\/\/laultimapalabra.com.mx\/portal\/wp-json\/wp\/v2\/posts\/2587\/revisions\/64405"}],"wp:featuredmedia":[{"embeddable":true,"href":"https:\/\/laultimapalabra.com.mx\/portal\/wp-json\/"}],"wp:attachment":[{"href":"https:\/\/laultimapalabra.com.mx\/portal\/wp-json\/wp\/v2\/media?parent=2587"}],"wp:term":[{"taxonomy":"category","embeddable":true,"href":"https:\/\/laultimapalabra.com.mx\/portal\/wp-json\/wp\/v2\/categories?post=2587"},{"taxonomy":"post_tag","embeddable":true,"href":"https:\/\/laultimapalabra.com.mx\/portal\/wp-json\/wp\/v2\/tags?post=2587"}],"curies":[{"name":"wp","href":"https:\/\/api.w.org\/{rel}","templated":true}]}}