                       {"id":2591,"date":"2018-07-20T00:51:22","date_gmt":"2018-07-20T00:51:22","guid":{"rendered":"http:\/\/laultimapalabra.info\/?p=2591"},"modified":"2024-12-11T08:37:21","modified_gmt":"2024-12-11T14:37:21","slug":"la-mitad-olvidada-de-mexico","status":"publish","type":"post","link":"https:\/\/laultimapalabra.com.mx\/portal\/la-mitad-olvidada-de-mexico\/","title":{"rendered":"La mitad olvidada de M\u00e9xico"},"content":{"rendered":"<p style=\"text-align: justify;\"><img loading=\"lazy\" decoding=\"async\" class=\"size-medium wp-image-253 alignright\" src=\"https:\/\/laultimapalabra.com.mx\/portal\/wp-content\/uploads\/2018\/02\/DAVID-LOPEZ-281x300.jpg\" alt=\"\" width=\"281\" height=\"300\" \/>Por: David L\u00f3pez<\/p>\n<p style=\"text-align: justify;\">La derrota electoral del PRIAN y el triunfo inobjetable de Andr\u00e9s Manuel L\u00f3pez Obrador abren la posibilidad para un M\u00e9xico distinto: un proyecto de pa\u00eds menos clasista y m\u00e1s incluyente. No es un asunto de fresas pe\u00f1abots contra nacos chairos, se trata de entender que restableciendo el Estado de Derecho ganamos todos. Cuarenta a\u00f1os de gerencias neoliberales nos han demostrado que de nada sirve la ret\u00f3rica del progreso si no se traduce en una vida mejor para las mayor\u00edas. De poco valieron esta vez las campa\u00f1as del miedo, las descalificaciones, los intentos de lucrar con la pobreza y la necesidad; millones de mexicanos, millones de \u201cda\u00f1os colaterales\u201d del actual sistema econ\u00f3mico y pol\u00edtico, fueron a las urnas para decir que ya no est\u00e1n de acuerdo con que se les deje fuera. Y ante los hechos se resume as\u00ed en estas d\u00e9cimas de Frino.<\/p>\n<p>Yo soy de los olvidados<br \/>\nla etiqueta no me ofende,<br \/>\nsoy la se\u00f1ora que vende<br \/>\nverduras en el mercado.<br \/>\nSoy un diario censurado<br \/>\nla nota que no se dijo,<br \/>\nla mano que al crucifijo<br \/>\nse aferra en su \u00faltima etapa,<br \/>\nla madre en Ayotzinapa<br \/>\nque sigue buscando a su hijo.<\/p>\n<p style=\"text-align: justify;\">Soy la injusta acusaci\u00f3n<br \/>\nque a Nestora envi\u00f3 al presidio<br \/>\ny en cada feminicidio<br \/>\nsoy rabia e indignaci\u00f3n.<br \/>\nRicardo Flores Mag\u00f3n,<br \/>\nFrancisco Ignacio Madero,<br \/>\nel M\u00e9xico verdadero<br \/>\nal que acusan de ignorancia<br \/>\nquienes creen que la abundancia<br \/>\nes acumular dinero.<\/p>\n<p style=\"text-align: justify;\">Soy el paisano que al norte<br \/>\nse fue a buscar su destino,<br \/>\nsoy el pie que hace camino<br \/>\nsin visa ni pasaporte.<br \/>\nEl empleado al que un recorte<br \/>\nle neg\u00f3 indemnizaci\u00f3n,<br \/>\nla libertad de expresi\u00f3n<br \/>\nque se otorga a quien conviene<br \/>\ny ese ni\u00f1o que no tiene<br \/>\nacceso a la educaci\u00f3n.<\/p>\n<p style=\"text-align: justify;\">Soy apenas una muestra<br \/>\ndel M\u00e9xico que m\u00e1s duele<br \/>\nel que no sale en la tele<br \/>\npero que agallas demuestra.<br \/>\nAnte la Estafa Maestra<br \/>\nser\u00e9 la investigaci\u00f3n,<br \/>\nen los acordes de un son<br \/>\nser\u00e9 el arpa que en su arpegio<br \/>\ngrita: \u00a1NO M\u00c1S PRIVILEGIOS<br \/>\nBASTA YA DE CORRUPCI\u00d3N!<\/p>\n<p style=\"text-align: justify;\">Soy tambi\u00e9n el campesino<br \/>\nal que quitaron su tierra,<br \/>\nsoy Miroslava en la Sierra<br \/>\ndenunciando a su asesino.<br \/>\nSoy el M\u00e9xico genuino<br \/>\nno el de la publicidad,<br \/>\nla dolorosa mitad<br \/>\nde un M\u00e9xico insatisfecho<br \/>\nque hoy exige su derecho<br \/>\na vivir con dignidad.<\/p>\n<p style=\"text-align: justify;\">Soy la voz de una cultura<br \/>\ncon riqueza extraordinaria,<br \/>\nsabidur\u00eda milenaria<br \/>\nque en la memoria perdura.<br \/>\nM\u00fasica y literatura<br \/>\nde Jos\u00e9 Alfredo a Sor Juana,<br \/>\nsoy la voz de una jarana<br \/>\nque te murmura al o\u00eddo:<br \/>\nHEMOS VUELTO DEL OLVIDO<br \/>\nSIN NOSOTROS, NO HAY MA\u00d1ANA.<\/p>\n<p style=\"text-align: justify;\">(HASTA LA PR\u00d3XIMA SDQ)<\/p>\n","protected":false},"excerpt":{"rendered":"<p>Por: David L\u00f3pez La derrota electoral del PRIAN y el triunfo inobjetable de Andr\u00e9s Manuel L\u00f3pez Obrador abren la posibilidad para un M\u00e9xico distinto: un proyecto de pa\u00eds menos clasista y m\u00e1s incluyente. No es un asunto de fresas pe\u00f1abots contra nacos chairos, se trata de entender que restableciendo el Estado de Derecho ganamos todos. [&hellip;]<\/p>\n","protected":false},"author":9,"featured_media":253,"comment_status":"open","ping_status":"closed","sticky":false,"template":"","format":"standard","meta":{"footnotes":""},"categories":[1],"tags":[755],"class_list":["post-2591","post","type-post","status-publish","format-standard","has-post-thumbnail","hentry","category-noticias","tag-david-lopez"],"_links":{"self":[{"href":"https:\/\/laultimapalabra.com.mx\/portal\/wp-json\/wp\/v2\/posts\/2591","targetHints":{"allow":["GET"]}}],"collection":[{"href":"https:\/\/laultimapalabra.com.mx\/portal\/wp-json\/wp\/v2\/posts"}],"about":[{"href":"https:\/\/laultimapalabra.com.mx\/portal\/wp-json\/wp\/v2\/types\/post"}],"author":[{"embeddable":true,"href":"https:\/\/laultimapalabra.com.mx\/portal\/wp-json\/wp\/v2\/users\/9"}],"replies":[{"embeddable":true,"href":"https:\/\/laultimapalabra.com.mx\/portal\/wp-json\/wp\/v2\/comments?post=2591"}],"version-history":[{"count":1,"href":"https:\/\/laultimapalabra.com.mx\/portal\/wp-json\/wp\/v2\/posts\/2591\/revisions"}],"predecessor-version":[{"id":64409,"href":"https:\/\/laultimapalabra.com.mx\/portal\/wp-json\/wp\/v2\/posts\/2591\/revisions\/64409"}],"wp:featuredmedia":[{"embeddable":true,"href":"https:\/\/laultimapalabra.com.mx\/portal\/wp-json\/"}],"wp:attachment":[{"href":"https:\/\/laultimapalabra.com.mx\/portal\/wp-json\/wp\/v2\/media?parent=2591"}],"wp:term":[{"taxonomy":"category","embeddable":true,"href":"https:\/\/laultimapalabra.com.mx\/portal\/wp-json\/wp\/v2\/categories?post=2591"},{"taxonomy":"post_tag","embeddable":true,"href":"https:\/\/laultimapalabra.com.mx\/portal\/wp-json\/wp\/v2\/tags?post=2591"}],"curies":[{"name":"wp","href":"https:\/\/api.w.org\/{rel}","templated":true}]}}