                       {"id":2593,"date":"2018-07-20T00:53:17","date_gmt":"2018-07-20T00:53:17","guid":{"rendered":"http:\/\/laultimapalabra.info\/?p=2593"},"modified":"2024-12-11T08:37:21","modified_gmt":"2024-12-11T14:37:21","slug":"usted-tiene-la-ultima-palabra-24","status":"publish","type":"post","link":"https:\/\/laultimapalabra.com.mx\/portal\/usted-tiene-la-ultima-palabra-24\/","title":{"rendered":"Usted tiene&#8230; La \u00daltima Palabra"},"content":{"rendered":"<p style=\"text-align: justify;\"><img loading=\"lazy\" decoding=\"async\" class=\"size-medium wp-image-390 alignleft\" src=\"https:\/\/laultimapalabra.com.mx\/portal\/wp-content\/uploads\/2018\/02\/28169846_1705449459476714_78449556_o-203x300.jpg\" alt=\"\" width=\"203\" height=\"300\" \/>El puro cascar\u00f3n<\/p>\n<p style=\"text-align: justify;\">Por: Ing. Jes\u00fas Herrera R\u00e1bago<\/p>\n<p style=\"text-align: justify;\">Se suele decir que \u201cen la vida hay tres cosas que no vuelven atr\u00e1s: la flecha lanzada, la palabra pronunciada y la oportunidad perdida\u201d. Quiz\u00e1 pudiera matizarse la frase, pues no dudo que en algunos casos excepcionales la misma oportunidad se presente dos o tres veces, pero lo ordinario es, como lo dice otro refr\u00e1n: que \u201cla oportunidad no toca dos veces a la misma puerta\u201d.<br \/>\nDurante m\u00e1s de setenta a\u00f1os, los priistas dominaron el escenario pol\u00edtico en lo que Mario Vargas Llosa, denomin\u00f3 la Dictadura Perfecta. Fue tanto el abuso que termin\u00f3 por hartar al pueblo, quien en el a\u00f1o 2000 los ech\u00f3 de los Pinos.<br \/>\nPasaron doce a\u00f1os, y las circunstancias se alinearon para que la ciudadan\u00eda les diera una segunda oportunidad. Merecida o no, as\u00ed fue. Se puede decir que con Pe\u00f1a Nieto regresaron al poder relativamente f\u00e1cil.<br \/>\nTristemente para ellos y quienes les dieron la confianza, regresaron pensando que volv\u00edan al poder como en los a\u00f1os sesentas o setentas, donde el poder absoluto con que contaban les permit\u00eda hacer y deshacer a su antojo, incluso, hasta de forma c\u00ednica e ir\u00f3nica.<br \/>\nCon Pe\u00f1a Nieto llegaron una generaci\u00f3n de priistas que saquearon sus estados de una forma descomunal, sin ning\u00fan recato o pudor se llenaron los bolsillos con una ambici\u00f3n desmedida. Y no s\u00f3lo fueron gobernadores, tambi\u00e9n, gran cantidad de senadores, diputados y alcaldes, incluyendo el \u00faltimo priista que tuvimos en Cadereyta.<br \/>\nEl otro aspecto fundamental que llev\u00f3 al total desencanto, es que la gente en el 2012, despu\u00e9s de un sexenio tan violento, ten\u00eda la idea que ellos iban a poder con el tema de la seguridad p\u00fablica. La frase com\u00fan era: \u201cellos s\u00ed saben c\u00f3mo tranquilizar el pa\u00eds\u201d. Desgraciadamente no pudieron y hasta result\u00f3 peor.<br \/>\nPor todo ello, este primero de julio el pueblo les cobr\u00f3 la factura, proporcion\u00e1ndoles la peor derrota de su historia. En la c\u00e1mara baja s\u00f3lo tendr\u00e1 el 9% de los curules y han pasado a ser la quinta minor\u00eda.<br \/>\nEs cierto que en el 2000 muchos dec\u00edan que el PRI se acababa, lo cual no sucedi\u00f3 pues lograron reagruparse despu\u00e9s de la derrota, pero no hay que olvidar que entonces ten\u00edan muchas gubernaturas que les permit\u00eda tener poder pol\u00edtico y, sobre todo, poder econ\u00f3mico, adem\u00e1s de ser la primera minor\u00eda en las c\u00e1maras.<br \/>\nPor si fuera poco, en aquella ocasi\u00f3n no quedaron con la marca tan desprestigiada como ahora. El estigma que ha quedado despu\u00e9s de este sexenio no creo que sea f\u00e1cil quit\u00e1rselo.<br \/>\nAs\u00ed las cosas, me atrevo a pensar que el PRI de esta ya no se levanta, y aunque no desaparezca de inmediato va ir bajando su votaci\u00f3n pues s\u00f3lo quedar\u00e1 el puro cascar\u00f3n, pues la estructura \u2013sindicatos y organizaciones- va irse con Morena como pas\u00f3 en la Ciudad de M\u00e9xico.<br \/>\nEsta es mi opini\u00f3n, usted tiene La \u00daltima Palabra<\/p>\n","protected":false},"excerpt":{"rendered":"<p>El puro cascar\u00f3n Por: Ing. Jes\u00fas Herrera R\u00e1bago Se suele decir que \u201cen la vida hay tres cosas que no vuelven atr\u00e1s: la flecha lanzada, la palabra pronunciada y la oportunidad perdida\u201d. Quiz\u00e1 pudiera matizarse la frase, pues no dudo que en algunos casos excepcionales la misma oportunidad se presente dos o tres veces, pero [&hellip;]<\/p>\n","protected":false},"author":9,"featured_media":390,"comment_status":"open","ping_status":"closed","sticky":false,"template":"","format":"standard","meta":{"footnotes":""},"categories":[1],"tags":[1278],"class_list":["post-2593","post","type-post","status-publish","format-standard","has-post-thumbnail","hentry","category-noticias","tag-ing-jesus-herrera-rabago"],"_links":{"self":[{"href":"https:\/\/laultimapalabra.com.mx\/portal\/wp-json\/wp\/v2\/posts\/2593","targetHints":{"allow":["GET"]}}],"collection":[{"href":"https:\/\/laultimapalabra.com.mx\/portal\/wp-json\/wp\/v2\/posts"}],"about":[{"href":"https:\/\/laultimapalabra.com.mx\/portal\/wp-json\/wp\/v2\/types\/post"}],"author":[{"embeddable":true,"href":"https:\/\/laultimapalabra.com.mx\/portal\/wp-json\/wp\/v2\/users\/9"}],"replies":[{"embeddable":true,"href":"https:\/\/laultimapalabra.com.mx\/portal\/wp-json\/wp\/v2\/comments?post=2593"}],"version-history":[{"count":1,"href":"https:\/\/laultimapalabra.com.mx\/portal\/wp-json\/wp\/v2\/posts\/2593\/revisions"}],"predecessor-version":[{"id":64411,"href":"https:\/\/laultimapalabra.com.mx\/portal\/wp-json\/wp\/v2\/posts\/2593\/revisions\/64411"}],"wp:featuredmedia":[{"embeddable":true,"href":"https:\/\/laultimapalabra.com.mx\/portal\/wp-json\/"}],"wp:attachment":[{"href":"https:\/\/laultimapalabra.com.mx\/portal\/wp-json\/wp\/v2\/media?parent=2593"}],"wp:term":[{"taxonomy":"category","embeddable":true,"href":"https:\/\/laultimapalabra.com.mx\/portal\/wp-json\/wp\/v2\/categories?post=2593"},{"taxonomy":"post_tag","embeddable":true,"href":"https:\/\/laultimapalabra.com.mx\/portal\/wp-json\/wp\/v2\/tags?post=2593"}],"curies":[{"name":"wp","href":"https:\/\/api.w.org\/{rel}","templated":true}]}}