                       {"id":25934,"date":"2022-03-01T10:13:10","date_gmt":"2022-03-01T16:13:10","guid":{"rendered":"https:\/\/laultimapalabra.com.mx\/portal\/?p=25934"},"modified":"2024-12-11T11:16:03","modified_gmt":"2024-12-11T17:16:03","slug":"atropellan-a-mujeres-al-salir-de-iglesia-en-cadereyta","status":"publish","type":"post","link":"https:\/\/laultimapalabra.com.mx\/portal\/atropellan-a-mujeres-al-salir-de-iglesia-en-cadereyta\/","title":{"rendered":"Atropellan a mujeres al salir de iglesia en Cadereyta"},"content":{"rendered":"<p><img loading=\"lazy\" decoding=\"async\" class=\"size-full wp-image-25935 alignleft\" src=\"https:\/\/laultimapalabra.com.mx\/portal\/wp-content\/uploads\/2022\/03\/WhatsApp-Image-2022-03-01-at-9.18.20-AM.jpeg\" alt=\"\" width=\"300\" height=\"200\" \/>Cadereyta Jim\u00e9nez, N.L.- Cuando sal\u00edan de la iglesia, dos mujeres fueron arrolladas por un veh\u00edculo la noche del domingo en la Colonia Praderas de Cadereyta, en este mismo municipio.<br \/>\nFue alrededor de las 20:00 horas cuando se registr\u00f3 el accidente sobre la calle Morelos frente a la Unidad Deportiva Cadereyta.<br \/>\nLas lesionadas fueron identificadas como Estefan\u00eda, de 63 a\u00f1os y Sandra Yessenia, de 44, quienes aparentemente ven\u00edan saliendo de una iglesia cercana y al cruzar esta calle fueron atropelladas por un autom\u00f3vil Spark en color negro.<br \/>\nEl conductor del autom\u00f3vil compacto identificado como Luis Daniel, de 24 a\u00f1os, detuvo su marcha al observar que hab\u00eda atropellado a las mujeres a quienes trat\u00f3 de auxiliar tras el percance.<br \/>\nLas lesionadas fueron trasladadas posteriormente por servicios m\u00e9dicos de emergencias a una cl\u00ednica cercana, mientras que el conductor fue detenido por elementos de Tr\u00e1nsito para realizarle el dictamen de ley.<\/p>\n","protected":false},"excerpt":{"rendered":"<p>Cadereyta Jim\u00e9nez, N.L.- Cuando sal\u00edan de la iglesia, dos mujeres fueron arrolladas por un veh\u00edculo la noche del domingo en la Colonia Praderas de Cadereyta, en este mismo municipio. Fue alrededor de las 20:00 horas cuando se registr\u00f3 el accidente sobre la calle Morelos frente a la Unidad Deportiva Cadereyta. Las lesionadas fueron identificadas como [&hellip;]<\/p>\n","protected":false},"author":9,"featured_media":25935,"comment_status":"closed","ping_status":"closed","sticky":false,"template":"","format":"standard","meta":{"footnotes":""},"categories":[17],"tags":[2747,3613,3595,3075],"class_list":["post-25934","post","type-post","status-publish","format-standard","has-post-thumbnail","hentry","category-locales-cadereyta","tag-accidentes-viales-cadereyta","tag-atropellan-a-mujeres","tag-cadereyta-nl","tag-fuente-el-norte"],"_links":{"self":[{"href":"https:\/\/laultimapalabra.com.mx\/portal\/wp-json\/wp\/v2\/posts\/25934","targetHints":{"allow":["GET"]}}],"collection":[{"href":"https:\/\/laultimapalabra.com.mx\/portal\/wp-json\/wp\/v2\/posts"}],"about":[{"href":"https:\/\/laultimapalabra.com.mx\/portal\/wp-json\/wp\/v2\/types\/post"}],"author":[{"embeddable":true,"href":"https:\/\/laultimapalabra.com.mx\/portal\/wp-json\/wp\/v2\/users\/9"}],"replies":[{"embeddable":true,"href":"https:\/\/laultimapalabra.com.mx\/portal\/wp-json\/wp\/v2\/comments?post=25934"}],"version-history":[{"count":2,"href":"https:\/\/laultimapalabra.com.mx\/portal\/wp-json\/wp\/v2\/posts\/25934\/revisions"}],"predecessor-version":[{"id":75447,"href":"https:\/\/laultimapalabra.com.mx\/portal\/wp-json\/wp\/v2\/posts\/25934\/revisions\/75447"}],"wp:featuredmedia":[{"embeddable":true,"href":"https:\/\/laultimapalabra.com.mx\/portal\/wp-json\/wp\/v2\/media\/25935"}],"wp:attachment":[{"href":"https:\/\/laultimapalabra.com.mx\/portal\/wp-json\/wp\/v2\/media?parent=25934"}],"wp:term":[{"taxonomy":"category","embeddable":true,"href":"https:\/\/laultimapalabra.com.mx\/portal\/wp-json\/wp\/v2\/categories?post=25934"},{"taxonomy":"post_tag","embeddable":true,"href":"https:\/\/laultimapalabra.com.mx\/portal\/wp-json\/wp\/v2\/tags?post=25934"}],"curies":[{"name":"wp","href":"https:\/\/api.w.org\/{rel}","templated":true}]}}