                       {"id":25961,"date":"2022-03-01T10:10:02","date_gmt":"2022-03-01T16:10:02","guid":{"rendered":"https:\/\/laultimapalabra.com.mx\/portal\/?p=25961"},"modified":"2024-12-11T11:16:03","modified_gmt":"2024-12-11T17:16:03","slug":"notifica-gobierno-de-cadereyta-trabajos-en-distintas-colonias-para-seguridad-de-jimenenses","status":"publish","type":"post","link":"https:\/\/laultimapalabra.com.mx\/portal\/notifica-gobierno-de-cadereyta-trabajos-en-distintas-colonias-para-seguridad-de-jimenenses\/","title":{"rendered":"Notifica Gobierno de Cadereyta trabajos en distintas colonias para seguridad de jimenenses"},"content":{"rendered":"<p><img loading=\"lazy\" decoding=\"async\" class=\"size-medium wp-image-25962 alignleft\" src=\"https:\/\/laultimapalabra.com.mx\/portal\/wp-content\/uploads\/2022\/03\/IMG-20220301-WA0100-300x200.jpg\" alt=\"\" width=\"300\" height=\"200\" srcset=\"https:\/\/laultimapalabra.com.mx\/portal\/wp-content\/uploads\/2022\/03\/IMG-20220301-WA0100-300x200.jpg 300w, https:\/\/laultimapalabra.com.mx\/portal\/wp-content\/uploads\/2022\/03\/IMG-20220301-WA0100-1024x682.jpg 1024w, https:\/\/laultimapalabra.com.mx\/portal\/wp-content\/uploads\/2022\/03\/IMG-20220301-WA0100-768x512.jpg 768w, https:\/\/laultimapalabra.com.mx\/portal\/wp-content\/uploads\/2022\/03\/IMG-20220301-WA0100.jpg 1280w\" sizes=\"auto, (max-width: 300px) 100vw, 300px\" \/>Cadereyta Jim\u00e9nez, N.L.- Con el objetivo de evitar molestias y en lo posible accidentes y demoras a la poblaci\u00f3n del municipio de Cadereyta, el Gobierno Municipal de esta ciudad dio a conocer que desde hoy y hasta en los pr\u00f3ximos d\u00edas se estar\u00e1 realizando el cambio de 600 luminarias tradicionales por tecnolog\u00eda Led solar en colonias como Jardines de Cadereyta, Real de Cadereyta y Bella Vista 3er Sector.<br \/>\nSe busca que los jimenenses tomen en cuenta dicha informaci\u00f3n para programar sus salidas y traslados por v\u00edas alternas a las calles en las que se estar\u00e1 trabajando.<\/p>\n","protected":false},"excerpt":{"rendered":"<p>Cadereyta Jim\u00e9nez, N.L.- Con el objetivo de evitar molestias y en lo posible accidentes y demoras a la poblaci\u00f3n del municipio de Cadereyta, el Gobierno Municipal de esta ciudad dio a conocer que desde hoy y hasta en los pr\u00f3ximos d\u00edas se estar\u00e1 realizando el cambio de 600 luminarias tradicionales por tecnolog\u00eda Led solar en [&hellip;]<\/p>\n","protected":false},"author":9,"featured_media":25963,"comment_status":"closed","ping_status":"closed","sticky":false,"template":"","format":"standard","meta":{"footnotes":""},"categories":[17],"tags":[3626,3595,3637,3624,1320,3625,2112],"class_list":["post-25961","post","type-post","status-publish","format-standard","has-post-thumbnail","hentry","category-locales-cadereyta","tag-bella-vista-3er-sector","tag-cadereyta-nl","tag-cambio-luminarias-cadereyta-2022","tag-fuente-gobierno-municipal-de-cadereyta","tag-jardines-de-cadereyta","tag-real-de-cadereyta","tag-seguridad"],"_links":{"self":[{"href":"https:\/\/laultimapalabra.com.mx\/portal\/wp-json\/wp\/v2\/posts\/25961","targetHints":{"allow":["GET"]}}],"collection":[{"href":"https:\/\/laultimapalabra.com.mx\/portal\/wp-json\/wp\/v2\/posts"}],"about":[{"href":"https:\/\/laultimapalabra.com.mx\/portal\/wp-json\/wp\/v2\/types\/post"}],"author":[{"embeddable":true,"href":"https:\/\/laultimapalabra.com.mx\/portal\/wp-json\/wp\/v2\/users\/9"}],"replies":[{"embeddable":true,"href":"https:\/\/laultimapalabra.com.mx\/portal\/wp-json\/wp\/v2\/comments?post=25961"}],"version-history":[{"count":2,"href":"https:\/\/laultimapalabra.com.mx\/portal\/wp-json\/wp\/v2\/posts\/25961\/revisions"}],"predecessor-version":[{"id":75459,"href":"https:\/\/laultimapalabra.com.mx\/portal\/wp-json\/wp\/v2\/posts\/25961\/revisions\/75459"}],"wp:featuredmedia":[{"embeddable":true,"href":"https:\/\/laultimapalabra.com.mx\/portal\/wp-json\/wp\/v2\/media\/25963"}],"wp:attachment":[{"href":"https:\/\/laultimapalabra.com.mx\/portal\/wp-json\/wp\/v2\/media?parent=25961"}],"wp:term":[{"taxonomy":"category","embeddable":true,"href":"https:\/\/laultimapalabra.com.mx\/portal\/wp-json\/wp\/v2\/categories?post=25961"},{"taxonomy":"post_tag","embeddable":true,"href":"https:\/\/laultimapalabra.com.mx\/portal\/wp-json\/wp\/v2\/tags?post=25961"}],"curies":[{"name":"wp","href":"https:\/\/api.w.org\/{rel}","templated":true}]}}