                       {"id":26000,"date":"2022-03-03T12:46:25","date_gmt":"2022-03-03T18:46:25","guid":{"rendered":"https:\/\/laultimapalabra.com.mx\/portal\/?p=26000"},"modified":"2024-12-11T11:16:04","modified_gmt":"2024-12-11T17:16:04","slug":"protesta-pacificamente-untypp-por-cambio-de-edad-para-jubilacion","status":"publish","type":"post","link":"https:\/\/laultimapalabra.com.mx\/portal\/protesta-pacificamente-untypp-por-cambio-de-edad-para-jubilacion\/","title":{"rendered":"Protesta pacificamente UNTyPP por cambio de edad para jubilaci\u00f3n."},"content":{"rendered":"<p><img loading=\"lazy\" decoding=\"async\" class=\"size-medium wp-image-26003 alignleft\" src=\"https:\/\/laultimapalabra.com.mx\/portal\/wp-content\/uploads\/2022\/03\/IMG-20220303-WA0016-300x225.jpg\" alt=\"\" width=\"300\" height=\"225\" srcset=\"https:\/\/laultimapalabra.com.mx\/portal\/wp-content\/uploads\/2022\/03\/IMG-20220303-WA0016-300x225.jpg 300w, https:\/\/laultimapalabra.com.mx\/portal\/wp-content\/uploads\/2022\/03\/IMG-20220303-WA0016-1024x768.jpg 1024w, https:\/\/laultimapalabra.com.mx\/portal\/wp-content\/uploads\/2022\/03\/IMG-20220303-WA0016-768x576.jpg 768w, https:\/\/laultimapalabra.com.mx\/portal\/wp-content\/uploads\/2022\/03\/IMG-20220303-WA0016-1536x1152.jpg 1536w, https:\/\/laultimapalabra.com.mx\/portal\/wp-content\/uploads\/2022\/03\/IMG-20220303-WA0016.jpg 1600w\" sizes=\"auto, (max-width: 300px) 100vw, 300px\" \/>Cadereyta Jim\u00e9nez, N L.- Integrantes de la Uni\u00f3n Nacional de T\u00e9cnicos y Profesionistas Petroleros se manifestaron de forma pac\u00edfica el d\u00eda de ayer por la tarde para pedir que se haga un cambio en la edad requerida para poder jubilarse.<\/p>\n<p>La manifestaci\u00f3n fue promovida por el dirigente estatal, V\u00edctor Luna, a las afueras de las instalaciones de la refiner\u00eda ubicada en la carretera a Reynosa en el municipio de Cadereyta alrededor de las 18:00 hrs.<\/p>\n<p>Dicha protesta se llev\u00f3 a cabo de manera pac\u00edfica y tuvo lugar a nivel nacional en diversas instalaciones de PEMEX y Sindicatos de dicho gremio.<\/p>\n<p>Los manifestantes expresaron que buscan que se haga un cambio en la edad que se requiere para poder llevar a cabo su jubilaci\u00f3n, esto debido a que actualmente la edad es de 65 a\u00f1os, por lo cual se pide que dicha edad sea cambiada a 55 a\u00f1os.<\/p>\n<p>De igual forma, comentaron que los motivos que los llevan a pedir este cambio de edad se debe a que una persona de 65 a\u00f1os, ya no cuenta con las mismas capacidades f\u00edsicas y mentales para poder disfrutar cabalmente de su pensi\u00f3n.<\/p>\n<p>Por ello, miembros de la UNTyPP piden que, mediante las manifestaciones, su petici\u00f3n sea escuchada por el presidente Andr\u00e9s Manuel L\u00f3pez Obrador pues, dicha propuesta ya hab\u00eda sido aceptada por el Presidente, sin embargo, la empresa no hab\u00eda llevado a cabo los tr\u00e1mites correspondientes para realizar la modificaci\u00f3n solicitada.<\/p>\n","protected":false},"excerpt":{"rendered":"<p>Cadereyta Jim\u00e9nez, N L.- Integrantes de la Uni\u00f3n Nacional de T\u00e9cnicos y Profesionistas Petroleros se manifestaron de forma pac\u00edfica el d\u00eda de ayer por la tarde para pedir que se haga un cambio en la edad requerida para poder jubilarse. La manifestaci\u00f3n fue promovida por el dirigente estatal, V\u00edctor Luna, a las afueras de las [&hellip;]<\/p>\n","protected":false},"author":9,"featured_media":26001,"comment_status":"closed","ping_status":"closed","sticky":false,"template":"","format":"standard","meta":{"footnotes":""},"categories":[17,19],"tags":[133,3076,1758,3639,2267],"class_list":["post-26000","post","type-post","status-publish","format-standard","has-post-thumbnail","hentry","category-locales-cadereyta","category-nacional","tag-andres-manuel-lopez-obrador","tag-fuente-la-ultima-palabra","tag-pemex","tag-protesta-pacifica","tag-untypp"],"_links":{"self":[{"href":"https:\/\/laultimapalabra.com.mx\/portal\/wp-json\/wp\/v2\/posts\/26000","targetHints":{"allow":["GET"]}}],"collection":[{"href":"https:\/\/laultimapalabra.com.mx\/portal\/wp-json\/wp\/v2\/posts"}],"about":[{"href":"https:\/\/laultimapalabra.com.mx\/portal\/wp-json\/wp\/v2\/types\/post"}],"author":[{"embeddable":true,"href":"https:\/\/laultimapalabra.com.mx\/portal\/wp-json\/wp\/v2\/users\/9"}],"replies":[{"embeddable":true,"href":"https:\/\/laultimapalabra.com.mx\/portal\/wp-json\/wp\/v2\/comments?post=26000"}],"version-history":[{"count":3,"href":"https:\/\/laultimapalabra.com.mx\/portal\/wp-json\/wp\/v2\/posts\/26000\/revisions"}],"predecessor-version":[{"id":75477,"href":"https:\/\/laultimapalabra.com.mx\/portal\/wp-json\/wp\/v2\/posts\/26000\/revisions\/75477"}],"wp:featuredmedia":[{"embeddable":true,"href":"https:\/\/laultimapalabra.com.mx\/portal\/wp-json\/wp\/v2\/media\/26001"}],"wp:attachment":[{"href":"https:\/\/laultimapalabra.com.mx\/portal\/wp-json\/wp\/v2\/media?parent=26000"}],"wp:term":[{"taxonomy":"category","embeddable":true,"href":"https:\/\/laultimapalabra.com.mx\/portal\/wp-json\/wp\/v2\/categories?post=26000"},{"taxonomy":"post_tag","embeddable":true,"href":"https:\/\/laultimapalabra.com.mx\/portal\/wp-json\/wp\/v2\/tags?post=26000"}],"curies":[{"name":"wp","href":"https:\/\/api.w.org\/{rel}","templated":true}]}}