                       {"id":26054,"date":"2022-03-05T15:12:07","date_gmt":"2022-03-05T21:12:07","guid":{"rendered":"https:\/\/laultimapalabra.com.mx\/portal\/?p=26054"},"modified":"2024-12-11T11:16:04","modified_gmt":"2024-12-11T17:16:04","slug":"reportan-plaga-de-langostas-en-cadereyta","status":"publish","type":"post","link":"https:\/\/laultimapalabra.com.mx\/portal\/reportan-plaga-de-langostas-en-cadereyta\/","title":{"rendered":"Reportan plaga de langostas en Cadereyta"},"content":{"rendered":"<div style=\"width: 640px;\" class=\"wp-video\"><video class=\"wp-video-shortcode\" id=\"video-26054-1\" width=\"640\" height=\"352\" preload=\"metadata\" controls=\"controls\"><source type=\"video\/mp4\" src=\"https:\/\/laultimapalabra.com.mx\/portal\/wp-content\/uploads\/2022\/03\/VID-20220305-WA0002.mp4?_=1\" \/><a href=\"https:\/\/laultimapalabra.com.mx\/portal\/wp-content\/uploads\/2022\/03\/VID-20220305-WA0002.mp4\">https:\/\/laultimapalabra.com.mx\/portal\/wp-content\/uploads\/2022\/03\/VID-20220305-WA0002.mp4<\/a><\/video><\/div>\n<p>Cadereyta Jim\u00e9nez, N.L.- La presencia de miles de langostas fue reportada la tarde de hoy en los campos del municipio de Cadereyta.<br \/>\nFue desde la ma\u00f1ana de este s\u00e1bado que dicha plaga fue vista en Valle Hidalgo &#8220;La Cotorra&#8221;, llegando ya por la tarde a otras comunidades como El Barco, Barranco Blanco y Ejido La Presa.<br \/>\nDicha plaga ataca a todo tipo de siembra, avanzando de sur a norte del municipio de Cadereyta.<br \/>\nDe inmediato el Gobierno Municipal, encabezado por el alcalde, Cosme Leal Cant\u00fa, hizo el reporte pertinente a Gobierno del Estado, quien confirm\u00f3 ya tener conocimiento del problema teniendo programada una fumigaci\u00f3n con avioneta a partir de las 17:00 horas de hoy.<br \/>\nLa plaga viene de Montemorelos y es importante que de ser posible, los productores jimemenses, a quienes aun no les ha llegado la plaga, puedan realizar alguna fumigacion preventiva que garantice el menos da\u00f1o posible a sus cosechas.<\/p>\n","protected":false},"excerpt":{"rendered":"<p>Cadereyta Jim\u00e9nez, N.L.- La presencia de miles de langostas fue reportada la tarde de hoy en los campos del municipio de Cadereyta. Fue desde la ma\u00f1ana de este s\u00e1bado que dicha plaga fue vista en Valle Hidalgo &#8220;La Cotorra&#8221;, llegando ya por la tarde a otras comunidades como El Barco, Barranco Blanco y Ejido La [&hellip;]<\/p>\n","protected":false},"author":9,"featured_media":26056,"comment_status":"closed","ping_status":"closed","sticky":false,"template":"","format":"standard","meta":{"footnotes":""},"categories":[17],"tags":[3663,2644,3661,3624,3660,3662],"class_list":["post-26054","post","type-post","status-publish","format-standard","has-post-thumbnail","hentry","category-locales-cadereyta","tag-barranco-blanco","tag-cosme-leal-cantu","tag-ejido-la-presa","tag-fuente-gobierno-municipal-de-cadereyta","tag-plaga-langostas","tag-valle-hidalgo"],"_links":{"self":[{"href":"https:\/\/laultimapalabra.com.mx\/portal\/wp-json\/wp\/v2\/posts\/26054","targetHints":{"allow":["GET"]}}],"collection":[{"href":"https:\/\/laultimapalabra.com.mx\/portal\/wp-json\/wp\/v2\/posts"}],"about":[{"href":"https:\/\/laultimapalabra.com.mx\/portal\/wp-json\/wp\/v2\/types\/post"}],"author":[{"embeddable":true,"href":"https:\/\/laultimapalabra.com.mx\/portal\/wp-json\/wp\/v2\/users\/9"}],"replies":[{"embeddable":true,"href":"https:\/\/laultimapalabra.com.mx\/portal\/wp-json\/wp\/v2\/comments?post=26054"}],"version-history":[{"count":2,"href":"https:\/\/laultimapalabra.com.mx\/portal\/wp-json\/wp\/v2\/posts\/26054\/revisions"}],"predecessor-version":[{"id":75499,"href":"https:\/\/laultimapalabra.com.mx\/portal\/wp-json\/wp\/v2\/posts\/26054\/revisions\/75499"}],"wp:featuredmedia":[{"embeddable":true,"href":"https:\/\/laultimapalabra.com.mx\/portal\/wp-json\/wp\/v2\/media\/26056"}],"wp:attachment":[{"href":"https:\/\/laultimapalabra.com.mx\/portal\/wp-json\/wp\/v2\/media?parent=26054"}],"wp:term":[{"taxonomy":"category","embeddable":true,"href":"https:\/\/laultimapalabra.com.mx\/portal\/wp-json\/wp\/v2\/categories?post=26054"},{"taxonomy":"post_tag","embeddable":true,"href":"https:\/\/laultimapalabra.com.mx\/portal\/wp-json\/wp\/v2\/tags?post=26054"}],"curies":[{"name":"wp","href":"https:\/\/api.w.org\/{rel}","templated":true}]}}