                       {"id":26064,"date":"2022-03-06T20:13:34","date_gmt":"2022-03-07T02:13:34","guid":{"rendered":"https:\/\/laultimapalabra.com.mx\/portal\/?p=26064"},"modified":"2024-12-11T11:16:04","modified_gmt":"2024-12-11T17:16:04","slug":"fumigan-campos-de-cadereyta-por-plaga-de-langosta","status":"publish","type":"post","link":"https:\/\/laultimapalabra.com.mx\/portal\/fumigan-campos-de-cadereyta-por-plaga-de-langosta\/","title":{"rendered":"Fumigan campos de Cadereyta por plaga de langosta\u00a0"},"content":{"rendered":"<div style=\"width: 640px;\" class=\"wp-video\"><video class=\"wp-video-shortcode\" id=\"video-26064-1\" width=\"640\" height=\"352\" preload=\"metadata\" controls=\"controls\"><source type=\"video\/mp4\" src=\"https:\/\/laultimapalabra.com.mx\/portal\/wp-content\/uploads\/2022\/03\/VID-20220306-WA0008.mp4?_=1\" \/><a href=\"https:\/\/laultimapalabra.com.mx\/portal\/wp-content\/uploads\/2022\/03\/VID-20220306-WA0008.mp4\">https:\/\/laultimapalabra.com.mx\/portal\/wp-content\/uploads\/2022\/03\/VID-20220306-WA0008.mp4<\/a><\/video><\/div>\n<p>Cadereyta Jim\u00e9nez, N.L.- Despu\u00e9s de que el sabado se reportara la presencia de plagas de langostas en los campos del municipio de Cadereyta, se llev\u00f3 a cabo la aplicaci\u00f3n de insecticida en la zona afectada la ma\u00f1ana de este domingo.<\/p>\n<p>Fue alrededor de las 6:30 horas cuando\u00a0 personas comenzaron a llegar al lugar para ser part\u00edcipes de la aplicaci\u00f3n del insecticida, el cual fue esparcido mediante una avioneta sobre los campos afectados, adem\u00e1s de que se report\u00f3 que el insecticida utilizado no es nocivo para la salud de las personas.<\/p>\n<p>Quince personas acudieron al lugar para efectuar la fumigaci\u00f3n, de igual forma, se cont\u00f3 con la presencia del Gerente del Comit\u00e9 Estatal de Sanidad Vegetal de Nuevo Le\u00f3n, el Ingeniero Jaime Andr\u00e9s Garc\u00eda Trevi\u00f1o, el Alcalde de Cadereyta\u00a0 Cosme Leal y de Ludivina Rodriguez, Directora de Fomento Agropecuario de Cadereyta.<\/p>\n","protected":false},"excerpt":{"rendered":"<p>Cadereyta Jim\u00e9nez, N.L.- Despu\u00e9s de que el sabado se reportara la presencia de plagas de langostas en los campos del municipio de Cadereyta, se llev\u00f3 a cabo la aplicaci\u00f3n de insecticida en la zona afectada la ma\u00f1ana de este domingo. Fue alrededor de las 6:30 horas cuando\u00a0 personas comenzaron a llegar al lugar para ser [&hellip;]<\/p>\n","protected":false},"author":9,"featured_media":26066,"comment_status":"closed","ping_status":"closed","sticky":false,"template":"","format":"standard","meta":{"footnotes":""},"categories":[17],"tags":[3595,3668,719,3667,3669,1453,3660,3675],"class_list":["post-26064","post","type-post","status-publish","format-standard","has-post-thumbnail","hentry","category-locales-cadereyta","tag-cadereyta-nl","tag-comite-estatal-de-sanidad-vegetal-de-nuevo-leon","tag-cosme-leal","tag-fuentela-ultima-palabra","tag-jaime-andres-garcia-trevino","tag-ludivina-rodriguez","tag-plaga-langostas","tag-plaga-langostas-cadereyta-2022"],"_links":{"self":[{"href":"https:\/\/laultimapalabra.com.mx\/portal\/wp-json\/wp\/v2\/posts\/26064","targetHints":{"allow":["GET"]}}],"collection":[{"href":"https:\/\/laultimapalabra.com.mx\/portal\/wp-json\/wp\/v2\/posts"}],"about":[{"href":"https:\/\/laultimapalabra.com.mx\/portal\/wp-json\/wp\/v2\/types\/post"}],"author":[{"embeddable":true,"href":"https:\/\/laultimapalabra.com.mx\/portal\/wp-json\/wp\/v2\/users\/9"}],"replies":[{"embeddable":true,"href":"https:\/\/laultimapalabra.com.mx\/portal\/wp-json\/wp\/v2\/comments?post=26064"}],"version-history":[{"count":2,"href":"https:\/\/laultimapalabra.com.mx\/portal\/wp-json\/wp\/v2\/posts\/26064\/revisions"}],"predecessor-version":[{"id":75503,"href":"https:\/\/laultimapalabra.com.mx\/portal\/wp-json\/wp\/v2\/posts\/26064\/revisions\/75503"}],"wp:featuredmedia":[{"embeddable":true,"href":"https:\/\/laultimapalabra.com.mx\/portal\/wp-json\/wp\/v2\/media\/26066"}],"wp:attachment":[{"href":"https:\/\/laultimapalabra.com.mx\/portal\/wp-json\/wp\/v2\/media?parent=26064"}],"wp:term":[{"taxonomy":"category","embeddable":true,"href":"https:\/\/laultimapalabra.com.mx\/portal\/wp-json\/wp\/v2\/categories?post=26064"},{"taxonomy":"post_tag","embeddable":true,"href":"https:\/\/laultimapalabra.com.mx\/portal\/wp-json\/wp\/v2\/tags?post=26064"}],"curies":[{"name":"wp","href":"https:\/\/api.w.org\/{rel}","templated":true}]}}