                       {"id":26072,"date":"2022-03-06T20:14:57","date_gmt":"2022-03-07T02:14:57","guid":{"rendered":"https:\/\/laultimapalabra.com.mx\/portal\/?p=26072"},"modified":"2024-12-11T11:16:04","modified_gmt":"2024-12-11T17:16:04","slug":"tras-persecucion-rescatan-a-179-migrantes-detienen-a-tres-polleros","status":"publish","type":"post","link":"https:\/\/laultimapalabra.com.mx\/portal\/tras-persecucion-rescatan-a-179-migrantes-detienen-a-tres-polleros\/","title":{"rendered":"Tras persecuci\u00f3n rescatan a 179 migrantes; detienen a tres polleros"},"content":{"rendered":"\n\t\t<style type=\"text\/css\">\n\t\t\t#gallery-1 {\n\t\t\t\tmargin: auto;\n\t\t\t}\n\t\t\t#gallery-1 .gallery-item {\n\t\t\t\tfloat: left;\n\t\t\t\tmargin-top: 10px;\n\t\t\t\ttext-align: center;\n\t\t\t\twidth: 33%;\n\t\t\t}\n\t\t\t#gallery-1 img {\n\t\t\t\tborder: 2px solid #cfcfcf;\n\t\t\t}\n\t\t\t#gallery-1 .gallery-caption {\n\t\t\t\tmargin-left: 0;\n\t\t\t}\n\t\t\t\/* see gallery_shortcode() in wp-includes\/media.php *\/\n\t\t<\/style>\n\t\t<div id='gallery-1' class='gallery galleryid-26072 gallery-columns-3 gallery-size-thumbnail'><dl class='gallery-item'>\n\t\t\t<dt class='gallery-icon landscape'>\n\t\t\t\t<a href='https:\/\/laultimapalabra.com.mx\/portal\/tras-persecucion-rescatan-a-179-migrantes-detienen-a-tres-polleros\/img-20220306-wa0013\/'><img loading=\"lazy\" decoding=\"async\" width=\"150\" height=\"150\" src=\"https:\/\/laultimapalabra.com.mx\/portal\/wp-content\/uploads\/2022\/03\/IMG-20220306-WA0013-150x150.jpg\" class=\"attachment-thumbnail size-thumbnail\" alt=\"\" \/><\/a>\n\t\t\t<\/dt><\/dl><dl class='gallery-item'>\n\t\t\t<dt class='gallery-icon landscape'>\n\t\t\t\t<a href='https:\/\/laultimapalabra.com.mx\/portal\/tras-persecucion-rescatan-a-179-migrantes-detienen-a-tres-polleros\/img-20220306-wa0014\/'><img loading=\"lazy\" decoding=\"async\" width=\"150\" height=\"150\" src=\"https:\/\/laultimapalabra.com.mx\/portal\/wp-content\/uploads\/2022\/03\/IMG-20220306-WA0014-150x150.jpg\" class=\"attachment-thumbnail size-thumbnail\" alt=\"\" \/><\/a>\n\t\t\t<\/dt><\/dl>\n\t\t\t<br style='clear: both' \/>\n\t\t<\/div>\n\n<p>Cadereyta Jim\u00e9nez, N.L.-Una persecuci\u00f3n por parte de elementos de la Polic\u00eda Municipal tuvo como resultado la detenci\u00f3n de tres polleros y 179 indocumentados rescatados.<\/p>\n<p>La ma\u00f1ana de este domingo elementos de la Polic\u00eda Municipal, le marcaron el alto a la altura del Kil\u00f3metro 36 de la Carretera de cuota a Reynosa a una camioneta tipo Van de color blanco y a un autob\u00fas, el cual se di\u00f3 a la huida.<\/p>\n<p>Tras una persecuci\u00f3n donde los migrantes y polleros, le lanzaron ponchallantas a los elementos, se logr\u00f3 la detenci\u00f3n de ambos veh\u00edculos y el aseguramiento de 179 migrantes de distinta procedencia entre ellos de los pa\u00edses de: Belice, Rep\u00fablica Dominicana, Salvador y Nicaragua.<\/p>\n<p>Los indocumentados fueron puestos a disposici\u00f3n del Instituto Nacional de Migraci\u00f3n y los detenidos quedaron a disposici\u00f3n de la Secretar\u00eda de Seguridad P\u00fablica de Cadereyta.<\/p>\n","protected":false},"excerpt":{"rendered":"<p>Cadereyta Jim\u00e9nez, N.L.-Una persecuci\u00f3n por parte de elementos de la Polic\u00eda Municipal tuvo como resultado la detenci\u00f3n de tres polleros y 179 indocumentados rescatados. La ma\u00f1ana de este domingo elementos de la Polic\u00eda Municipal, le marcaron el alto a la altura del Kil\u00f3metro 36 de la Carretera de cuota a Reynosa a una camioneta tipo [&hellip;]<\/p>\n","protected":false},"author":9,"featured_media":26073,"comment_status":"closed","ping_status":"closed","sticky":false,"template":"","format":"standard","meta":{"footnotes":""},"categories":[17],"tags":[3076,3672,2518,1812,1815],"class_list":["post-26072","post","type-post","status-publish","format-standard","has-post-thumbnail","hentry","category-locales-cadereyta","tag-fuente-la-ultima-palabra","tag-migrantes","tag-persecuciones-cadereyta","tag-policia-municipal-cadereyta","tag-polleros"],"_links":{"self":[{"href":"https:\/\/laultimapalabra.com.mx\/portal\/wp-json\/wp\/v2\/posts\/26072","targetHints":{"allow":["GET"]}}],"collection":[{"href":"https:\/\/laultimapalabra.com.mx\/portal\/wp-json\/wp\/v2\/posts"}],"about":[{"href":"https:\/\/laultimapalabra.com.mx\/portal\/wp-json\/wp\/v2\/types\/post"}],"author":[{"embeddable":true,"href":"https:\/\/laultimapalabra.com.mx\/portal\/wp-json\/wp\/v2\/users\/9"}],"replies":[{"embeddable":true,"href":"https:\/\/laultimapalabra.com.mx\/portal\/wp-json\/wp\/v2\/comments?post=26072"}],"version-history":[{"count":3,"href":"https:\/\/laultimapalabra.com.mx\/portal\/wp-json\/wp\/v2\/posts\/26072\/revisions"}],"predecessor-version":[{"id":75507,"href":"https:\/\/laultimapalabra.com.mx\/portal\/wp-json\/wp\/v2\/posts\/26072\/revisions\/75507"}],"wp:featuredmedia":[{"embeddable":true,"href":"https:\/\/laultimapalabra.com.mx\/portal\/wp-json\/wp\/v2\/media\/26073"}],"wp:attachment":[{"href":"https:\/\/laultimapalabra.com.mx\/portal\/wp-json\/wp\/v2\/media?parent=26072"}],"wp:term":[{"taxonomy":"category","embeddable":true,"href":"https:\/\/laultimapalabra.com.mx\/portal\/wp-json\/wp\/v2\/categories?post=26072"},{"taxonomy":"post_tag","embeddable":true,"href":"https:\/\/laultimapalabra.com.mx\/portal\/wp-json\/wp\/v2\/tags?post=26072"}],"curies":[{"name":"wp","href":"https:\/\/api.w.org\/{rel}","templated":true}]}}