                       {"id":26099,"date":"2022-03-07T20:06:55","date_gmt":"2022-03-08T02:06:55","guid":{"rendered":"https:\/\/laultimapalabra.com.mx\/portal\/?p=26099"},"modified":"2024-12-11T11:16:04","modified_gmt":"2024-12-11T17:16:04","slug":"representaran-jovenes-juarenses-a-nl-en-nacional-de-taekwondo","status":"publish","type":"post","link":"https:\/\/laultimapalabra.com.mx\/portal\/representaran-jovenes-juarenses-a-nl-en-nacional-de-taekwondo\/","title":{"rendered":"Representar\u00e1n j\u00f3venes juarenses a NL en nacional de Taekwondo"},"content":{"rendered":"<hr \/>\n<div style=\"width: 640px;\" class=\"wp-video\"><video class=\"wp-video-shortcode\" id=\"video-26099-1\" width=\"640\" height=\"352\" preload=\"metadata\" controls=\"controls\"><source type=\"video\/mp4\" src=\"https:\/\/laultimapalabra.com.mx\/portal\/wp-content\/uploads\/2022\/03\/VID-20220307-WA0033.mp4?_=1\" \/><a href=\"https:\/\/laultimapalabra.com.mx\/portal\/wp-content\/uploads\/2022\/03\/VID-20220307-WA0033.mp4\">https:\/\/laultimapalabra.com.mx\/portal\/wp-content\/uploads\/2022\/03\/VID-20220307-WA0033.mp4<\/a><\/video><\/div>\n<p>Ju\u00e1rez, N.L.- Talento juarense estar\u00e1 presente en la competencia nacional de Taekwondo en Tijuana, Baja California del 10 al 13 de Marzo del presente a\u00f1o.<\/p>\n<p>Se trata de Luna Esmeralda Cruz Cant\u00fa y Axel Roger Granados Mart\u00ednez, dos j\u00f3venes ciudadanos del municipio de Ju\u00e1rez con domicilio ubicado de la Colonia Real de San Jos\u00e9, quienes tendr\u00e1n la oportunidad de participar en el Campeonato Nacional de Poomsae 2022, en categor\u00edas individuales y de pareja.<\/p>\n<p>Dichos j\u00f3venes, forman parte de la escuela Doyang Koreano Mexicano de Taekwondo \u2013 Colegio Ju\u00e1rez, adem\u00e1s de que son estudiantes de la Secundar\u00eda Carlos Fuentes Mac\u00edas que se encuentra en el municipio ya mencionado.<\/p>\n<p>Las j\u00f3venes promesas del deporte, han logrado acumular medallas de oro en torneos internacionales donde participan deportistas de m\u00e1s de 50 pa\u00edses.<\/p>\n<p>Una vez que se logre su victoria en dicho torneo podr\u00e1n avanzar a la competencia mundial de Taekwondo que se celebrar\u00e1 en Corea.<\/p>\n<p>El ya mencionado campeonato, ser\u00e1 el primer evento presencial que se realizar\u00e1 por parte de la Federaci\u00f3n Mexicana de Taekwondo, y tendr\u00e1 lugar los pr\u00f3ximos d\u00edas del 10 al 13 de marzo del presente a\u00f1o.<\/p>\n","protected":false},"excerpt":{"rendered":"<p>Ju\u00e1rez, N.L.- Talento juarense estar\u00e1 presente en la competencia nacional de Taekwondo en Tijuana, Baja California del 10 al 13 de Marzo del presente a\u00f1o. Se trata de Luna Esmeralda Cruz Cant\u00fa y Axel Roger Granados Mart\u00ednez, dos j\u00f3venes ciudadanos del municipio de Ju\u00e1rez con domicilio ubicado de la Colonia Real de San Jos\u00e9, quienes [&hellip;]<\/p>\n","protected":false},"author":9,"featured_media":26100,"comment_status":"closed","ping_status":"closed","sticky":false,"template":"","format":"standard","meta":{"footnotes":""},"categories":[1],"tags":[3682,3683,3076,3684],"class_list":["post-26099","post","type-post","status-publish","format-standard","has-post-thumbnail","hentry","category-noticias","tag-campeonato-taekwondo","tag-federacion-mexicana-de-taekwondo","tag-fuente-la-ultima-palabra","tag-jovenes-juarenses"],"_links":{"self":[{"href":"https:\/\/laultimapalabra.com.mx\/portal\/wp-json\/wp\/v2\/posts\/26099","targetHints":{"allow":["GET"]}}],"collection":[{"href":"https:\/\/laultimapalabra.com.mx\/portal\/wp-json\/wp\/v2\/posts"}],"about":[{"href":"https:\/\/laultimapalabra.com.mx\/portal\/wp-json\/wp\/v2\/types\/post"}],"author":[{"embeddable":true,"href":"https:\/\/laultimapalabra.com.mx\/portal\/wp-json\/wp\/v2\/users\/9"}],"replies":[{"embeddable":true,"href":"https:\/\/laultimapalabra.com.mx\/portal\/wp-json\/wp\/v2\/comments?post=26099"}],"version-history":[{"count":4,"href":"https:\/\/laultimapalabra.com.mx\/portal\/wp-json\/wp\/v2\/posts\/26099\/revisions"}],"predecessor-version":[{"id":75519,"href":"https:\/\/laultimapalabra.com.mx\/portal\/wp-json\/wp\/v2\/posts\/26099\/revisions\/75519"}],"wp:featuredmedia":[{"embeddable":true,"href":"https:\/\/laultimapalabra.com.mx\/portal\/wp-json\/wp\/v2\/media\/26100"}],"wp:attachment":[{"href":"https:\/\/laultimapalabra.com.mx\/portal\/wp-json\/wp\/v2\/media?parent=26099"}],"wp:term":[{"taxonomy":"category","embeddable":true,"href":"https:\/\/laultimapalabra.com.mx\/portal\/wp-json\/wp\/v2\/categories?post=26099"},{"taxonomy":"post_tag","embeddable":true,"href":"https:\/\/laultimapalabra.com.mx\/portal\/wp-json\/wp\/v2\/tags?post=26099"}],"curies":[{"name":"wp","href":"https:\/\/api.w.org\/{rel}","templated":true}]}}