                       {"id":26237,"date":"2022-03-11T14:16:07","date_gmt":"2022-03-11T20:16:07","guid":{"rendered":"https:\/\/laultimapalabra.com.mx\/portal\/?p=26237"},"modified":"2024-12-11T11:16:06","modified_gmt":"2024-12-11T17:16:06","slug":"a-dos-anos-de-la-pandemia-el-covid-19-se-establece-en-regiones-a-las-que-no-habia-llegado","status":"publish","type":"post","link":"https:\/\/laultimapalabra.com.mx\/portal\/a-dos-anos-de-la-pandemia-el-covid-19-se-establece-en-regiones-a-las-que-no-habia-llegado\/","title":{"rendered":"A dos a\u00f1os de la pandemia, el Covid-19 se establece en regiones a las que no hab\u00eda llegado"},"content":{"rendered":"<p><img loading=\"lazy\" decoding=\"async\" class=\"size-full wp-image-26238 alignleft\" src=\"https:\/\/laultimapalabra.com.mx\/portal\/wp-content\/uploads\/2022\/03\/IMG-20220311-WA0042.jpg\" alt=\"\" width=\"273\" height=\"210\" \/>Hoy hace dos a\u00f1os, la Organizaci\u00f3n Mundial de la Salud (OMS) determin\u00f3 que el mundo se enfrentaba a una &#8220;pandemia&#8221;, tras dimensionar la gravedad derivada de los contagios por el Covid-19, una crisis sanitaria que preocupaba a las poblaciones enteras, sin advertir las consecuencias que sobrevendr\u00edan m\u00e1s tarde.<\/p>\n<p>El 11 de marzo de 2020, Tedros Adhanom, director general de la OMS, se dignaba a tomar asiento en lo que se convertir\u00eda en un habitual reporte semanal sobre la situaci\u00f3n sanitaria. Hab\u00edan sucedido tan s\u00f3lo cinco meses despu\u00e9s que se identificara el primer caso de Covid-19, el 17 de noviembre en la provincia china de Hubei, y ya se contabilizaban 118 mil casos y 4 mil 291 muertes, provenientes de 114 pa\u00edses.<\/p>\n<p>El representante de la OMS aconsej\u00f3 a los pa\u00edses que comenzaban a registrar los primeros casos del Covid-19 a detectar, tratar, aislar, rastrear y movilizar a las personas contagiadas, para evitar que un pu\u00f1ado de enfermos se convirtieran en grupos y, m\u00e1s tarde, en brotes; sin embargo, a\u00fan hay una incertidumbre que cunde mundialmente \u00bfestamos cerca de ganar la batalla contra el Covid-19?<\/p>\n<p>En el panorama actual, un gran n\u00famero de pa\u00edses han atravesado cinco olas de contagios, en lo que respecta a regiones europeas. En el caso de M\u00e9xico, en donde se detect\u00f3 el primer caso del Covid-19 el 27 de febrero del 2020, ha atravesado cuatro olas.<\/p>\n<p>Actualmente, nuestro pa\u00eds presenta un deceso visible en la incidencia de la enfermedad, como consecuencia que gran n\u00famero de personas se ha contagiado y, por otro lado, por las altas tasas de vacunaci\u00f3n que oscilan entre el 61.4%.<\/p>\n<p>Por ello, la OMS duda que la pandemia est\u00e9 cerca de finalizar, pues a\u00fan hay muchos puntos oscuros y desigualdad que impiden predecir un futuro favorecedor.<\/p>\n","protected":false},"excerpt":{"rendered":"<p>Hoy hace dos a\u00f1os, la Organizaci\u00f3n Mundial de la Salud (OMS) determin\u00f3 que el mundo se enfrentaba a una &#8220;pandemia&#8221;, tras dimensionar la gravedad derivada de los contagios por el Covid-19, una crisis sanitaria que preocupaba a las poblaciones enteras, sin advertir las consecuencias que sobrevendr\u00edan m\u00e1s tarde. El 11 de marzo de 2020, Tedros [&hellip;]<\/p>\n","protected":false},"author":9,"featured_media":26256,"comment_status":"closed","ping_status":"closed","sticky":false,"template":"","format":"standard","meta":{"footnotes":""},"categories":[16,19],"tags":[2434,3732,3733,3719],"class_list":["post-26237","post","type-post","status-publish","format-standard","has-post-thumbnail","hentry","category-internacional","category-nacional","tag-covid-19","tag-fuente-el-universal","tag-oms","tag-pandemia"],"_links":{"self":[{"href":"https:\/\/laultimapalabra.com.mx\/portal\/wp-json\/wp\/v2\/posts\/26237","targetHints":{"allow":["GET"]}}],"collection":[{"href":"https:\/\/laultimapalabra.com.mx\/portal\/wp-json\/wp\/v2\/posts"}],"about":[{"href":"https:\/\/laultimapalabra.com.mx\/portal\/wp-json\/wp\/v2\/types\/post"}],"author":[{"embeddable":true,"href":"https:\/\/laultimapalabra.com.mx\/portal\/wp-json\/wp\/v2\/users\/9"}],"replies":[{"embeddable":true,"href":"https:\/\/laultimapalabra.com.mx\/portal\/wp-json\/wp\/v2\/comments?post=26237"}],"version-history":[{"count":4,"href":"https:\/\/laultimapalabra.com.mx\/portal\/wp-json\/wp\/v2\/posts\/26237\/revisions"}],"predecessor-version":[{"id":75577,"href":"https:\/\/laultimapalabra.com.mx\/portal\/wp-json\/wp\/v2\/posts\/26237\/revisions\/75577"}],"wp:featuredmedia":[{"embeddable":true,"href":"https:\/\/laultimapalabra.com.mx\/portal\/wp-json\/wp\/v2\/media\/26256"}],"wp:attachment":[{"href":"https:\/\/laultimapalabra.com.mx\/portal\/wp-json\/wp\/v2\/media?parent=26237"}],"wp:term":[{"taxonomy":"category","embeddable":true,"href":"https:\/\/laultimapalabra.com.mx\/portal\/wp-json\/wp\/v2\/categories?post=26237"},{"taxonomy":"post_tag","embeddable":true,"href":"https:\/\/laultimapalabra.com.mx\/portal\/wp-json\/wp\/v2\/tags?post=26237"}],"curies":[{"name":"wp","href":"https:\/\/api.w.org\/{rel}","templated":true}]}}