                       {"id":26385,"date":"2022-03-16T21:11:02","date_gmt":"2022-03-17T03:11:02","guid":{"rendered":"https:\/\/laultimapalabra.com.mx\/portal\/?p=26385"},"modified":"2024-12-11T11:16:07","modified_gmt":"2024-12-11T17:16:07","slug":"comienzan-este-proximo-domingo-cortes-de-agua-programados","status":"publish","type":"post","link":"https:\/\/laultimapalabra.com.mx\/portal\/comienzan-este-proximo-domingo-cortes-de-agua-programados\/","title":{"rendered":"Comienzan este pr\u00f3ximo domingo cortes de agua programados"},"content":{"rendered":"\n\t\t<style type=\"text\/css\">\n\t\t\t#gallery-1 {\n\t\t\t\tmargin: auto;\n\t\t\t}\n\t\t\t#gallery-1 .gallery-item {\n\t\t\t\tfloat: left;\n\t\t\t\tmargin-top: 10px;\n\t\t\t\ttext-align: center;\n\t\t\t\twidth: 33%;\n\t\t\t}\n\t\t\t#gallery-1 img {\n\t\t\t\tborder: 2px solid #cfcfcf;\n\t\t\t}\n\t\t\t#gallery-1 .gallery-caption {\n\t\t\t\tmargin-left: 0;\n\t\t\t}\n\t\t\t\/* see gallery_shortcode() in wp-includes\/media.php *\/\n\t\t<\/style>\n\t\t<div id='gallery-1' class='gallery galleryid-26385 gallery-columns-3 gallery-size-thumbnail'><dl class='gallery-item'>\n\t\t\t<dt class='gallery-icon landscape'>\n\t\t\t\t<a href='https:\/\/laultimapalabra.com.mx\/portal\/comienzan-este-proximo-domingo-cortes-de-agua-programados\/img-20220316-wa0048\/'><img loading=\"lazy\" decoding=\"async\" width=\"150\" height=\"150\" src=\"https:\/\/laultimapalabra.com.mx\/portal\/wp-content\/uploads\/2022\/03\/IMG-20220316-WA0048-150x150.jpg\" class=\"attachment-thumbnail size-thumbnail\" alt=\"\" \/><\/a>\n\t\t\t<\/dt><\/dl><dl class='gallery-item'>\n\t\t\t<dt class='gallery-icon landscape'>\n\t\t\t\t<a href='https:\/\/laultimapalabra.com.mx\/portal\/comienzan-este-proximo-domingo-cortes-de-agua-programados\/img-20220316-wa0049\/'><img loading=\"lazy\" decoding=\"async\" width=\"150\" height=\"150\" src=\"https:\/\/laultimapalabra.com.mx\/portal\/wp-content\/uploads\/2022\/03\/IMG-20220316-WA0049-150x150.jpg\" class=\"attachment-thumbnail size-thumbnail\" alt=\"\" \/><\/a>\n\t\t\t<\/dt><\/dl>\n\t\t\t<br style='clear: both' \/>\n\t\t<\/div>\n\n<p>Cadereyta y Ju\u00e1rez est\u00e1n programados para los d\u00edas domingo.<\/p>\n<p>Monterrey, N.L.- Los cortes de agua programados ya son una realidad, el d\u00eda de hoy se di\u00f3 a conocer en rueda de prensa por parte de el director de Agua y Drenaje, Juan Ignacio Barrag\u00e1n Villarreal. El director de la para estatal, di\u00f3 a conocer el Plan Agua Para todos, donde destac\u00f3 que el \u00e1rea metropolitana se dividir\u00e1 en 7 sectores y que el agua estar\u00e1 garantizada todos los d\u00edas de 5:00 a 9:00 de la ma\u00f1ana, comenzando la reducci\u00f3n al m\u00e1ximo despu\u00e9s de esa hora en el sector programado.<br \/>\nLos municipios de Ju\u00e1rez y parte de Cadereyta, corresponden al sector 7 por lo que ser\u00e1 el d\u00eda domingo que a partir de las 9:00 de la ma\u00f1ana, se reduzca el servicio al m\u00ednimo.<br \/>\nEsta medida se toma debido a que los niveles de las presas Cerro Prieto y La Boca para el d\u00eda 22 de Marzo, pr\u00e1cticamente estar\u00e1n en su m\u00ednimo nivel.<br \/>\nPor lo que se da la recomendaci\u00f3n a la ciudadan\u00eda a disminuir el consumo de agua y prepararse para la implementaci\u00f3n de estas medidas.<\/p>\n","protected":false},"excerpt":{"rendered":"<p>Cadereyta y Ju\u00e1rez est\u00e1n programados para los d\u00edas domingo. Monterrey, N.L.- Los cortes de agua programados ya son una realidad, el d\u00eda de hoy se di\u00f3 a conocer en rueda de prensa por parte de el director de Agua y Drenaje, Juan Ignacio Barrag\u00e1n Villarreal. El director de la para estatal, di\u00f3 a conocer el [&hellip;]<\/p>\n","protected":false},"author":9,"featured_media":26387,"comment_status":"closed","ping_status":"closed","sticky":false,"template":"","format":"standard","meta":{"footnotes":""},"categories":[15],"tags":[3595,3778,3076,3590,3466],"class_list":["post-26385","post","type-post","status-publish","format-standard","has-post-thumbnail","hentry","category-estado","tag-cadereyta-nl","tag-cortes-de-agua","tag-fuente-la-ultima-palabra","tag-juarez-nl","tag-servicios-de-agua-y-drenaje-monterrey"],"_links":{"self":[{"href":"https:\/\/laultimapalabra.com.mx\/portal\/wp-json\/wp\/v2\/posts\/26385","targetHints":{"allow":["GET"]}}],"collection":[{"href":"https:\/\/laultimapalabra.com.mx\/portal\/wp-json\/wp\/v2\/posts"}],"about":[{"href":"https:\/\/laultimapalabra.com.mx\/portal\/wp-json\/wp\/v2\/types\/post"}],"author":[{"embeddable":true,"href":"https:\/\/laultimapalabra.com.mx\/portal\/wp-json\/wp\/v2\/users\/9"}],"replies":[{"embeddable":true,"href":"https:\/\/laultimapalabra.com.mx\/portal\/wp-json\/wp\/v2\/comments?post=26385"}],"version-history":[{"count":2,"href":"https:\/\/laultimapalabra.com.mx\/portal\/wp-json\/wp\/v2\/posts\/26385\/revisions"}],"predecessor-version":[{"id":75635,"href":"https:\/\/laultimapalabra.com.mx\/portal\/wp-json\/wp\/v2\/posts\/26385\/revisions\/75635"}],"wp:featuredmedia":[{"embeddable":true,"href":"https:\/\/laultimapalabra.com.mx\/portal\/wp-json\/wp\/v2\/media\/26387"}],"wp:attachment":[{"href":"https:\/\/laultimapalabra.com.mx\/portal\/wp-json\/wp\/v2\/media?parent=26385"}],"wp:term":[{"taxonomy":"category","embeddable":true,"href":"https:\/\/laultimapalabra.com.mx\/portal\/wp-json\/wp\/v2\/categories?post=26385"},{"taxonomy":"post_tag","embeddable":true,"href":"https:\/\/laultimapalabra.com.mx\/portal\/wp-json\/wp\/v2\/tags?post=26385"}],"curies":[{"name":"wp","href":"https:\/\/api.w.org\/{rel}","templated":true}]}}