                       {"id":26397,"date":"2022-03-16T21:12:14","date_gmt":"2022-03-17T03:12:14","guid":{"rendered":"https:\/\/laultimapalabra.com.mx\/portal\/?p=26397"},"modified":"2024-12-11T11:16:07","modified_gmt":"2024-12-11T17:16:07","slug":"balean-a-desconocido-en-los-cometas","status":"publish","type":"post","link":"https:\/\/laultimapalabra.com.mx\/portal\/balean-a-desconocido-en-los-cometas\/","title":{"rendered":"Balean a desconocido en los Cometas"},"content":{"rendered":"<p><img loading=\"lazy\" decoding=\"async\" class=\"size-medium wp-image-26398 alignleft\" src=\"https:\/\/laultimapalabra.com.mx\/portal\/wp-content\/uploads\/2022\/03\/IMG-20220316-WA0061-300x167.jpg\" alt=\"\" width=\"300\" height=\"167\" srcset=\"https:\/\/laultimapalabra.com.mx\/portal\/wp-content\/uploads\/2022\/03\/IMG-20220316-WA0061-300x167.jpg 300w, https:\/\/laultimapalabra.com.mx\/portal\/wp-content\/uploads\/2022\/03\/IMG-20220316-WA0061-768x427.jpg 768w, https:\/\/laultimapalabra.com.mx\/portal\/wp-content\/uploads\/2022\/03\/IMG-20220316-WA0061.jpg 998w\" sizes=\"auto, (max-width: 300px) 100vw, 300px\" \/>Ju\u00e1rez, N.L.- Un desconocido fue baleado en la colonia Los Cometas el d\u00eda de ayer por la tarde en el municipio de Ju\u00e1rez, sin saberse motivo e identidad de los agresores.<\/p>\n<p>Seg\u00fan los hechos, un hombre trataba de esconderse en un domicilio, alertando a los vecinos, quienes lo vieron herido de bala en la calle Meteoro de la colonia antes mencionada.<\/p>\n<p>Al llegar las unidades de la Agencia Estatal de Investigaciones, el herido ya se hab\u00eda trasladado por sus propios medios a la Cl\u00ednica Centra, en Guadalupe, Nuevo Le\u00f3n.<\/p>\n<p>En el lugar de los hechos, s\u00f3lo se encontraron manchas de sangre, un casquillo y una ojiva; trascendi\u00e9ndo que eran de los agresores, mientras que la v\u00edctima, quien vest\u00eda pantal\u00f3n azul y camisa negra, no fue identificada.<\/p>\n","protected":false},"excerpt":{"rendered":"<p>Ju\u00e1rez, N.L.- Un desconocido fue baleado en la colonia Los Cometas el d\u00eda de ayer por la tarde en el municipio de Ju\u00e1rez, sin saberse motivo e identidad de los agresores. Seg\u00fan los hechos, un hombre trataba de esconderse en un domicilio, alertando a los vecinos, quienes lo vieron herido de bala en la calle [&hellip;]<\/p>\n","protected":false},"author":9,"featured_media":26398,"comment_status":"closed","ping_status":"closed","sticky":false,"template":"","format":"standard","meta":{"footnotes":""},"categories":[18],"tags":[631,3760,3076,3781,3780,3590],"class_list":["post-26397","post","type-post","status-publish","format-standard","has-post-thumbnail","hentry","category-locales-juarez","tag-colonia-los-cometas","tag-ejecutados-juarez-2022","tag-fuente-la-ultima-palabra","tag-guadalupe-nl","tag-herido-de-bala","tag-juarez-nl"],"_links":{"self":[{"href":"https:\/\/laultimapalabra.com.mx\/portal\/wp-json\/wp\/v2\/posts\/26397","targetHints":{"allow":["GET"]}}],"collection":[{"href":"https:\/\/laultimapalabra.com.mx\/portal\/wp-json\/wp\/v2\/posts"}],"about":[{"href":"https:\/\/laultimapalabra.com.mx\/portal\/wp-json\/wp\/v2\/types\/post"}],"author":[{"embeddable":true,"href":"https:\/\/laultimapalabra.com.mx\/portal\/wp-json\/wp\/v2\/users\/9"}],"replies":[{"embeddable":true,"href":"https:\/\/laultimapalabra.com.mx\/portal\/wp-json\/wp\/v2\/comments?post=26397"}],"version-history":[{"count":2,"href":"https:\/\/laultimapalabra.com.mx\/portal\/wp-json\/wp\/v2\/posts\/26397\/revisions"}],"predecessor-version":[{"id":75641,"href":"https:\/\/laultimapalabra.com.mx\/portal\/wp-json\/wp\/v2\/posts\/26397\/revisions\/75641"}],"wp:featuredmedia":[{"embeddable":true,"href":"https:\/\/laultimapalabra.com.mx\/portal\/wp-json\/wp\/v2\/media\/26398"}],"wp:attachment":[{"href":"https:\/\/laultimapalabra.com.mx\/portal\/wp-json\/wp\/v2\/media?parent=26397"}],"wp:term":[{"taxonomy":"category","embeddable":true,"href":"https:\/\/laultimapalabra.com.mx\/portal\/wp-json\/wp\/v2\/categories?post=26397"},{"taxonomy":"post_tag","embeddable":true,"href":"https:\/\/laultimapalabra.com.mx\/portal\/wp-json\/wp\/v2\/tags?post=26397"}],"curies":[{"name":"wp","href":"https:\/\/api.w.org\/{rel}","templated":true}]}}