                       {"id":2641,"date":"2018-07-26T22:43:09","date_gmt":"2018-07-26T22:43:09","guid":{"rendered":"http:\/\/laultimapalabra.info\/?p=2641"},"modified":"2024-12-11T08:37:21","modified_gmt":"2024-12-11T14:37:21","slug":"la-invasion-norteamericana-de-1846","status":"publish","type":"post","link":"https:\/\/laultimapalabra.com.mx\/portal\/la-invasion-norteamericana-de-1846\/","title":{"rendered":"La invasi\u00f3n Norteamericana de 1846"},"content":{"rendered":"<p><img loading=\"lazy\" decoding=\"async\" class=\"size-medium wp-image-2642 alignleft\" src=\"https:\/\/laultimapalabra.com.mx\/portal\/wp-content\/uploads\/2018\/07\/1f7b0cb24001e7cbd98ccfa9cef42db6o-copia-300x152.jpg\" alt=\"\" width=\"300\" height=\"152\" \/>Por: Dr. Jos\u00e9 Ascenci\u00f3n Tijerina Flores<\/p>\n<p style=\"text-align: justify;\">Sab\u00eda usted que: Un 21 de julio pero de 1846 las tropas de Mariano Arista se unen en Linares N.L. a las de Tomas Mej\u00eda y se trasladan a Monterrey a defender la plaza que pretend\u00eda el invasor Norteamericano.<\/p>\n<p style=\"text-align: justify;\">Esta fuerza unida integrada por soldados voluntarios de pueblos cercanos entre ellos una ventena de Cadereyta (que ser\u00e1 motivo de otro art\u00edculo) daba la impresi\u00f3n de que el encuentro inminente contra los gringos pod\u00eda ser ganado por los mexicanos, dado el n\u00famero de integrantes de los ej\u00e9rcitos nacionales.<br \/>\nEl paso por la regi\u00f3n de las tropas gringas era obligado, pues para continuar su marcha rumbo a la ciudad de M\u00e9xico era inevitable pisar tierras regias, sin embargo, en nuestro pa\u00eds suced\u00edan en aquellos tiempos muchas cosas que cambiaban el rumbo de la historia, como que unas semana despu\u00e9s el 28 de julio Nicol\u00e1s Bravo asum\u00eda la Presidencia interina de M\u00e9xico, pues el dos de julio anterior el gobierno mexicano apenas hab\u00eda reconocido el estado de guerra con los Estados Unidos y autorizada la ampliaci\u00f3n de los efectivos del ej\u00e9rcito y la realizaci\u00f3n de los gastos necesarios para la defensa del pa\u00eds estaban en completo desorden.<br \/>\nEn cambio para el 7 de julio los invasores a trav\u00e9s del c\u00f3nsul Norteamericano Thomas O. Larquin y el comodoro John Sloat ya hab\u00edan declarado hasta ese momento la Anexi\u00f3n de California a los Estados Unidos habiendo izado la bandera de las barras y las estrellas en el edificio de la aduana de Monterey, California.<br \/>\nA un mes de esto, el 8 de agosto, el ej\u00e9rcito invasor ya ten\u00eda ocupadas a Reynosa, Mier y Camargo estableciendo su cuartel general en ese punto. Por lo tanto, tanto cambio oblig\u00f3 a que nuestra ciudad quedara solo bajo la protecci\u00f3n del General Pedro Ampudia y el ej\u00e9rcito del norte, aunque el 9 de septiembre recibe refuerzos del General Sime\u00f3n Ram\u00edrez que hab\u00eda partido de la ciudad de M\u00e9xico el 27 de julio anterior con tropas que dec\u00edan no obedecer \u00f3rdenes que no fueran del General Tom\u00e1s Mej\u00eda, creando as\u00ed m\u00e1s descontrol entre los defensores de la ciudad de Monterrey y sus alrededores.<br \/>\nEl 14 de septiembre, fue el colmo, lleg\u00f3 el General Santa Anna a la ciudad de M\u00e9xico ordenando tres d\u00edas de iluminaci\u00f3n al Palacio Nacional con motivo de la Independencia de M\u00e9xico desde 1821.<br \/>\nEse mismo d\u00eda el comandante gringo Samuel Francis Dupont ocupaba la paz, Baja California, Eliza, Victoria, Adelaida y a la Balandra San Jos\u00e9.<br \/>\nYa para el 18 de septiembre las tropas invasoras estaban frente a Monterrey reconociendo la zona donde se llevar\u00eda a cabo la tristemente recordada batalla de Monterrey de 1846.<br \/>\nLuego de breve estancia en Monterrey, el ej\u00e9rcito gringo avanz\u00f3 hacia Saltillo rumbo al interior y en un lugar llamado la Angostura se llev\u00f3 acabo la cruenta lucha que sorpresivamente lograr\u00eda el Ej\u00e9rcito Norteamericano, a\u00fan que pr\u00e1cticamente estaban derrotados.<br \/>\nReanud\u00f3 su marcha el invasor hacia el centro de pa\u00eds hacia un sitio llamado el puente Calder\u00f3n en las afueras de la capital y tras varias luchas finalmente llegaron al Castillo de Chapultepec. Ah\u00ed se llev\u00f3 a cabo la toma del castillo con la derrota y muerte de cerca de 100 cadetes (La historia solo reconoce a 7 de ellos) para permanecer tomada la capital por casi tres a\u00f1os culminando esta lucha con la cesi\u00f3n de poco m\u00e1s de la mitad del territorio mexicano a los estados unidos de Norteamerica.<br \/>\nFue as\u00ed como se dio t\u00e9rmino a aquella inc\u00f3moda situaci\u00f3n, sin embargo, a\u00fan persiste la invasi\u00f3n de aquel pa\u00eds que cada d\u00eda nos hace perder nuestra identidad como mexicanos, sus costumbres y sus tradiciones.<br \/>\nNo lo cree as\u00ed estimado lector?<br \/>\nGracias<\/p>\n","protected":false},"excerpt":{"rendered":"<p>Por: Dr. Jos\u00e9 Ascenci\u00f3n Tijerina Flores Sab\u00eda usted que: Un 21 de julio pero de 1846 las tropas de Mariano Arista se unen en Linares N.L. a las de Tomas Mej\u00eda y se trasladan a Monterrey a defender la plaza que pretend\u00eda el invasor Norteamericano. Esta fuerza unida integrada por soldados voluntarios de pueblos cercanos [&hellip;]<\/p>\n","protected":false},"author":9,"featured_media":2642,"comment_status":"open","ping_status":"closed","sticky":false,"template":"","format":"standard","meta":{"footnotes":""},"categories":[1],"tags":[879],"class_list":["post-2641","post","type-post","status-publish","format-standard","has-post-thumbnail","hentry","category-noticias","tag-dr-jose-ascencion-tijerina-flores"],"_links":{"self":[{"href":"https:\/\/laultimapalabra.com.mx\/portal\/wp-json\/wp\/v2\/posts\/2641","targetHints":{"allow":["GET"]}}],"collection":[{"href":"https:\/\/laultimapalabra.com.mx\/portal\/wp-json\/wp\/v2\/posts"}],"about":[{"href":"https:\/\/laultimapalabra.com.mx\/portal\/wp-json\/wp\/v2\/types\/post"}],"author":[{"embeddable":true,"href":"https:\/\/laultimapalabra.com.mx\/portal\/wp-json\/wp\/v2\/users\/9"}],"replies":[{"embeddable":true,"href":"https:\/\/laultimapalabra.com.mx\/portal\/wp-json\/wp\/v2\/comments?post=2641"}],"version-history":[{"count":1,"href":"https:\/\/laultimapalabra.com.mx\/portal\/wp-json\/wp\/v2\/posts\/2641\/revisions"}],"predecessor-version":[{"id":64433,"href":"https:\/\/laultimapalabra.com.mx\/portal\/wp-json\/wp\/v2\/posts\/2641\/revisions\/64433"}],"wp:featuredmedia":[{"embeddable":true,"href":"https:\/\/laultimapalabra.com.mx\/portal\/wp-json\/"}],"wp:attachment":[{"href":"https:\/\/laultimapalabra.com.mx\/portal\/wp-json\/wp\/v2\/media?parent=2641"}],"wp:term":[{"taxonomy":"category","embeddable":true,"href":"https:\/\/laultimapalabra.com.mx\/portal\/wp-json\/wp\/v2\/categories?post=2641"},{"taxonomy":"post_tag","embeddable":true,"href":"https:\/\/laultimapalabra.com.mx\/portal\/wp-json\/wp\/v2\/tags?post=2641"}],"curies":[{"name":"wp","href":"https:\/\/api.w.org\/{rel}","templated":true}]}}