                       {"id":26437,"date":"2022-03-17T19:45:40","date_gmt":"2022-03-18T01:45:40","guid":{"rendered":"https:\/\/laultimapalabra.com.mx\/portal\/?p=26437"},"modified":"2024-12-11T11:16:07","modified_gmt":"2024-12-11T17:16:07","slug":"atacan-a-menor-con-arma-de-postas","status":"publish","type":"post","link":"https:\/\/laultimapalabra.com.mx\/portal\/atacan-a-menor-con-arma-de-postas\/","title":{"rendered":"Atacan a menor con arma de postas"},"content":{"rendered":"<p><img loading=\"lazy\" decoding=\"async\" class=\"size-medium wp-image-26440 alignleft\" src=\"https:\/\/laultimapalabra.com.mx\/portal\/wp-content\/uploads\/2022\/03\/3-300x158.jpg\" alt=\"\" width=\"300\" height=\"158\" srcset=\"https:\/\/laultimapalabra.com.mx\/portal\/wp-content\/uploads\/2022\/03\/3-300x158.jpg 300w, https:\/\/laultimapalabra.com.mx\/portal\/wp-content\/uploads\/2022\/03\/3.jpg 600w\" sizes=\"auto, (max-width: 300px) 100vw, 300px\" \/>Ju\u00e1rez, N.L.- Un menor de edad result\u00f3 lesionado al ser atacado con una arma de postas, la noche de ayer en la colonia Santa M\u00f3nica del municipio de Ju\u00e1rez.<\/p>\n<p>Los hechos ocurrieron en la calle San Sebasti\u00e1n de dicho fraccionamiento, cuando Enrique H. De 17 a\u00f1os de edad, tuvo un altercado con unos sujetos, quienes le dispararon en el rostro hiri\u00e9ndolo con un proyectil.<\/p>\n<p>La v\u00edctima se neg\u00f3 a dar los nombres de sus agresores y el motivo del ataque, sin embargo la Agencia Estatal de Investigaciones, ya indaga sobre los hechos ocurrido a las 9:30 de la noche.<\/p>\n","protected":false},"excerpt":{"rendered":"<p>Ju\u00e1rez, N.L.- Un menor de edad result\u00f3 lesionado al ser atacado con una arma de postas, la noche de ayer en la colonia Santa M\u00f3nica del municipio de Ju\u00e1rez. Los hechos ocurrieron en la calle San Sebasti\u00e1n de dicho fraccionamiento, cuando Enrique H. De 17 a\u00f1os de edad, tuvo un altercado con unos sujetos, quienes [&hellip;]<\/p>\n","protected":false},"author":9,"featured_media":26438,"comment_status":"closed","ping_status":"closed","sticky":false,"template":"","format":"standard","meta":{"footnotes":""},"categories":[18],"tags":[644,3760,3076,3590,3794],"class_list":["post-26437","post","type-post","status-publish","format-standard","has-post-thumbnail","hentry","category-locales-juarez","tag-colonia-santa-monica","tag-ejecutados-juarez-2022","tag-fuente-la-ultima-palabra","tag-juarez-nl","tag-menor-lesionado"],"_links":{"self":[{"href":"https:\/\/laultimapalabra.com.mx\/portal\/wp-json\/wp\/v2\/posts\/26437","targetHints":{"allow":["GET"]}}],"collection":[{"href":"https:\/\/laultimapalabra.com.mx\/portal\/wp-json\/wp\/v2\/posts"}],"about":[{"href":"https:\/\/laultimapalabra.com.mx\/portal\/wp-json\/wp\/v2\/types\/post"}],"author":[{"embeddable":true,"href":"https:\/\/laultimapalabra.com.mx\/portal\/wp-json\/wp\/v2\/users\/9"}],"replies":[{"embeddable":true,"href":"https:\/\/laultimapalabra.com.mx\/portal\/wp-json\/wp\/v2\/comments?post=26437"}],"version-history":[{"count":2,"href":"https:\/\/laultimapalabra.com.mx\/portal\/wp-json\/wp\/v2\/posts\/26437\/revisions"}],"predecessor-version":[{"id":75664,"href":"https:\/\/laultimapalabra.com.mx\/portal\/wp-json\/wp\/v2\/posts\/26437\/revisions\/75664"}],"wp:featuredmedia":[{"embeddable":true,"href":"https:\/\/laultimapalabra.com.mx\/portal\/wp-json\/wp\/v2\/media\/26438"}],"wp:attachment":[{"href":"https:\/\/laultimapalabra.com.mx\/portal\/wp-json\/wp\/v2\/media?parent=26437"}],"wp:term":[{"taxonomy":"category","embeddable":true,"href":"https:\/\/laultimapalabra.com.mx\/portal\/wp-json\/wp\/v2\/categories?post=26437"},{"taxonomy":"post_tag","embeddable":true,"href":"https:\/\/laultimapalabra.com.mx\/portal\/wp-json\/wp\/v2\/tags?post=26437"}],"curies":[{"name":"wp","href":"https:\/\/api.w.org\/{rel}","templated":true}]}}