                       {"id":26469,"date":"2022-03-17T19:49:19","date_gmt":"2022-03-18T01:49:19","guid":{"rendered":"https:\/\/laultimapalabra.com.mx\/portal\/?p=26469"},"modified":"2024-12-11T11:16:07","modified_gmt":"2024-12-11T17:16:07","slug":"avala-morena-en-senado-eliminar-veda-sobre-revocacion","status":"publish","type":"post","link":"https:\/\/laultimapalabra.com.mx\/portal\/avala-morena-en-senado-eliminar-veda-sobre-revocacion\/","title":{"rendered":"Avala Morena en Senado eliminar veda sobre revocaci\u00f3n"},"content":{"rendered":"<p><img loading=\"lazy\" decoding=\"async\" class=\"size-medium wp-image-26470 alignleft\" src=\"https:\/\/laultimapalabra.com.mx\/portal\/wp-content\/uploads\/2022\/03\/IMG-20220317-WA0101-300x200.jpg\" alt=\"\" width=\"300\" height=\"200\" srcset=\"https:\/\/laultimapalabra.com.mx\/portal\/wp-content\/uploads\/2022\/03\/IMG-20220317-WA0101-300x200.jpg 300w, https:\/\/laultimapalabra.com.mx\/portal\/wp-content\/uploads\/2022\/03\/IMG-20220317-WA0101.jpg 660w\" sizes=\"auto, (max-width: 300px) 100vw, 300px\" \/>Cd. de M\u00e9xico.- Una hora despu\u00e9s, Morena alcanz\u00f3 el qu\u00f3rum y logr\u00f3 empujar, en lo general, el pol\u00e9mico &#8220;decretazo&#8221; que dar\u00e1 &#8220;manga ancha&#8221; al Presidente de la Rep\u00fablica para opinar y promover de facto la revocaci\u00f3n de mandato.<\/p>\n<p>A las 11:02 horas, la bancada mayoritaria sum\u00f3 66 esca\u00f1os, apenas los necesarios para lograr la mayor\u00eda simple. Varios de los senadores que ayer se ausentaron, se apersonaron esta ma\u00f1ana. Negaron que hubieran sido tra\u00eddos &#8220;de las gre\u00f1as&#8221;, tal y como ayer apremi\u00f3 la morenista Mal\u00fa Micher al coordinador de Morena, Ricardo Monreal.<\/p>\n<p>Aprobado el &#8220;decretazo&#8221;, a la Oposici\u00f3n se le registraron apenas 25 votos en la l\u00f3gica de que la Mesa Directiva cerr\u00f3 el registr\u00f3 de votos, a contrapelo de la &#8220;laxitud&#8221; que se tuvo ayer por la tarde para que Morena intentara alcanzar el qu\u00f3rum.<\/p>\n","protected":false},"excerpt":{"rendered":"<p>Cd. de M\u00e9xico.- Una hora despu\u00e9s, Morena alcanz\u00f3 el qu\u00f3rum y logr\u00f3 empujar, en lo general, el pol\u00e9mico &#8220;decretazo&#8221; que dar\u00e1 &#8220;manga ancha&#8221; al Presidente de la Rep\u00fablica para opinar y promover de facto la revocaci\u00f3n de mandato. A las 11:02 horas, la bancada mayoritaria sum\u00f3 66 esca\u00f1os, apenas los necesarios para lograr la mayor\u00eda [&hellip;]<\/p>\n","protected":false},"author":9,"featured_media":26470,"comment_status":"closed","ping_status":"closed","sticky":false,"template":"","format":"standard","meta":{"footnotes":""},"categories":[19],"tags":[3075,1562,2126,3805],"class_list":["post-26469","post","type-post","status-publish","format-standard","has-post-thumbnail","hentry","category-nacional","tag-fuente-el-norte","tag-morena","tag-senado","tag-veda-electoral"],"_links":{"self":[{"href":"https:\/\/laultimapalabra.com.mx\/portal\/wp-json\/wp\/v2\/posts\/26469","targetHints":{"allow":["GET"]}}],"collection":[{"href":"https:\/\/laultimapalabra.com.mx\/portal\/wp-json\/wp\/v2\/posts"}],"about":[{"href":"https:\/\/laultimapalabra.com.mx\/portal\/wp-json\/wp\/v2\/types\/post"}],"author":[{"embeddable":true,"href":"https:\/\/laultimapalabra.com.mx\/portal\/wp-json\/wp\/v2\/users\/9"}],"replies":[{"embeddable":true,"href":"https:\/\/laultimapalabra.com.mx\/portal\/wp-json\/wp\/v2\/comments?post=26469"}],"version-history":[{"count":2,"href":"https:\/\/laultimapalabra.com.mx\/portal\/wp-json\/wp\/v2\/posts\/26469\/revisions"}],"predecessor-version":[{"id":75680,"href":"https:\/\/laultimapalabra.com.mx\/portal\/wp-json\/wp\/v2\/posts\/26469\/revisions\/75680"}],"wp:featuredmedia":[{"embeddable":true,"href":"https:\/\/laultimapalabra.com.mx\/portal\/wp-json\/wp\/v2\/media\/26470"}],"wp:attachment":[{"href":"https:\/\/laultimapalabra.com.mx\/portal\/wp-json\/wp\/v2\/media?parent=26469"}],"wp:term":[{"taxonomy":"category","embeddable":true,"href":"https:\/\/laultimapalabra.com.mx\/portal\/wp-json\/wp\/v2\/categories?post=26469"},{"taxonomy":"post_tag","embeddable":true,"href":"https:\/\/laultimapalabra.com.mx\/portal\/wp-json\/wp\/v2\/tags?post=26469"}],"curies":[{"name":"wp","href":"https:\/\/api.w.org\/{rel}","templated":true}]}}