                       {"id":26500,"date":"2022-03-18T17:31:30","date_gmt":"2022-03-18T23:31:30","guid":{"rendered":"https:\/\/laultimapalabra.com.mx\/portal\/?p=26500"},"modified":"2024-12-11T11:16:08","modified_gmt":"2024-12-11T17:16:08","slug":"arranca-construccion-de-delegacion-sur-de-policia-en-juarez","status":"publish","type":"post","link":"https:\/\/laultimapalabra.com.mx\/portal\/arranca-construccion-de-delegacion-sur-de-policia-en-juarez\/","title":{"rendered":"Arranca construcci\u00f3n de Delegaci\u00f3n Sur de Polic\u00eda en Ju\u00e1rez"},"content":{"rendered":"<p><img loading=\"lazy\" decoding=\"async\" class=\"size-medium wp-image-26501 alignleft\" src=\"https:\/\/laultimapalabra.com.mx\/portal\/wp-content\/uploads\/2022\/03\/IMG-20220318-WA0045-300x200.jpg\" alt=\"\" width=\"300\" height=\"200\" srcset=\"https:\/\/laultimapalabra.com.mx\/portal\/wp-content\/uploads\/2022\/03\/IMG-20220318-WA0045-300x200.jpg 300w, https:\/\/laultimapalabra.com.mx\/portal\/wp-content\/uploads\/2022\/03\/IMG-20220318-WA0045-1024x682.jpg 1024w, https:\/\/laultimapalabra.com.mx\/portal\/wp-content\/uploads\/2022\/03\/IMG-20220318-WA0045-768x512.jpg 768w, https:\/\/laultimapalabra.com.mx\/portal\/wp-content\/uploads\/2022\/03\/IMG-20220318-WA0045-1536x1023.jpg 1536w, https:\/\/laultimapalabra.com.mx\/portal\/wp-content\/uploads\/2022\/03\/IMG-20220318-WA0045.jpg 1600w\" sizes=\"auto, (max-width: 300px) 100vw, 300px\" \/>Juarez, N.L.- Para proporcionar mayor seguridad y atender inmediatamente cualquier contingencia que se presente en la zona sur del municipio, el Gobierno de Ju\u00e1rez dio el banderazo de arranque a la construcci\u00f3n del M\u00f3dulo de Atenci\u00f3n Ciudadana en la Colonia Santa M\u00f3nica, donde se ubicar\u00e1 la Delegaci\u00f3n Sur de Seguridad P\u00fablica.<br \/>\nEn estas instalaciones, que ser\u00e1n construidas con un presupuesto de 19.5 millones de pesos, habr\u00e1 tambi\u00e9n unidades de Tr\u00e1nsito, Protecci\u00f3n Civil, Bomberos y una ambulancia con param\u00e9dicos para dar una r\u00e1pida atenci\u00f3n a los reportes de la ciudadan\u00eda.<br \/>\nAdem\u00e1s se contar\u00e1 con un consultorio m\u00e9dico que ser\u00e1 visitado tres veces a la semana por un doctor para ofrecer consulta gratuita a las personas que la soliciten.<br \/>\nLa Administraci\u00f3n de Ju\u00e1rez inform\u00f3 que en este lugar se abrir\u00e1 una ventanilla para que los ciudadanos realicen algunos tr\u00e1mites, sin tener que acudir directamente al Palacio Municipal y se est\u00e1 gestionando ante el Registro Civil, la instalaci\u00f3n de un quiosco donde los juarenses puedan sacar sus actas de nacimiento.<br \/>\nCon estas instalaciones, adem\u00e1s de Seguridad P\u00fablica se descentralizar\u00e1n otros servicios municipales, lo que beneficiar\u00e1 a los habitantes de las colonias Santa M\u00f3nica, Pedregal de Santa M\u00f3nica, Laureles, 10 de Mayo y Los Valles.<br \/>\nTambi\u00e9n resultar\u00e1n beneficiados los habitantes de las colonias Bosques de San Pedro, Privadas del Bosque, Naranjos, Rancho Viejo, Monte Cristal , Arboledas de San Roque y en general toda la zona sur del municipio de Ju\u00e1rez.<\/p>\n","protected":false},"excerpt":{"rendered":"<p>Juarez, N.L.- Para proporcionar mayor seguridad y atender inmediatamente cualquier contingencia que se presente en la zona sur del municipio, el Gobierno de Ju\u00e1rez dio el banderazo de arranque a la construcci\u00f3n del M\u00f3dulo de Atenci\u00f3n Ciudadana en la Colonia Santa M\u00f3nica, donde se ubicar\u00e1 la Delegaci\u00f3n Sur de Seguridad P\u00fablica. En estas instalaciones, que [&hellip;]<\/p>\n","protected":false},"author":9,"featured_media":26501,"comment_status":"closed","ping_status":"closed","sticky":false,"template":"","format":"standard","meta":{"footnotes":""},"categories":[18],"tags":[3819,3076,3590,3818,1684,3820],"class_list":["post-26500","post","type-post","status-publish","format-standard","has-post-thumbnail","hentry","category-locales-juarez","tag-delegacion-sur","tag-fuente-la-ultima-palabra","tag-juarez-nl","tag-modulo-de-atencion-ciudadana","tag-paco-trevino","tag-seguridad-publica"],"_links":{"self":[{"href":"https:\/\/laultimapalabra.com.mx\/portal\/wp-json\/wp\/v2\/posts\/26500","targetHints":{"allow":["GET"]}}],"collection":[{"href":"https:\/\/laultimapalabra.com.mx\/portal\/wp-json\/wp\/v2\/posts"}],"about":[{"href":"https:\/\/laultimapalabra.com.mx\/portal\/wp-json\/wp\/v2\/types\/post"}],"author":[{"embeddable":true,"href":"https:\/\/laultimapalabra.com.mx\/portal\/wp-json\/wp\/v2\/users\/9"}],"replies":[{"embeddable":true,"href":"https:\/\/laultimapalabra.com.mx\/portal\/wp-json\/wp\/v2\/comments?post=26500"}],"version-history":[{"count":2,"href":"https:\/\/laultimapalabra.com.mx\/portal\/wp-json\/wp\/v2\/posts\/26500\/revisions"}],"predecessor-version":[{"id":75694,"href":"https:\/\/laultimapalabra.com.mx\/portal\/wp-json\/wp\/v2\/posts\/26500\/revisions\/75694"}],"wp:featuredmedia":[{"embeddable":true,"href":"https:\/\/laultimapalabra.com.mx\/portal\/wp-json\/wp\/v2\/media\/26501"}],"wp:attachment":[{"href":"https:\/\/laultimapalabra.com.mx\/portal\/wp-json\/wp\/v2\/media?parent=26500"}],"wp:term":[{"taxonomy":"category","embeddable":true,"href":"https:\/\/laultimapalabra.com.mx\/portal\/wp-json\/wp\/v2\/categories?post=26500"},{"taxonomy":"post_tag","embeddable":true,"href":"https:\/\/laultimapalabra.com.mx\/portal\/wp-json\/wp\/v2\/tags?post=26500"}],"curies":[{"name":"wp","href":"https:\/\/api.w.org\/{rel}","templated":true}]}}