                       {"id":26592,"date":"2022-03-21T13:28:41","date_gmt":"2022-03-21T19:28:41","guid":{"rendered":"https:\/\/laultimapalabra.com.mx\/portal\/?p=26592"},"modified":"2024-12-11T11:16:08","modified_gmt":"2024-12-11T17:16:08","slug":"responde-gobierno-de-cadereyta-a-peticion-de-ciudadano-en-valle-del-roble","status":"publish","type":"post","link":"https:\/\/laultimapalabra.com.mx\/portal\/responde-gobierno-de-cadereyta-a-peticion-de-ciudadano-en-valle-del-roble\/","title":{"rendered":"Responde Gobierno de Cadereyta a petici\u00f3n de ciudadano en Valle del Roble"},"content":{"rendered":"<div style=\"width: 640px;\" class=\"wp-video\"><video class=\"wp-video-shortcode\" id=\"video-26592-1\" width=\"640\" height=\"352\" preload=\"metadata\" controls=\"controls\"><source type=\"video\/mp4\" src=\"https:\/\/laultimapalabra.com.mx\/portal\/wp-content\/uploads\/2022\/03\/VID-20220321-WA0030.mp4?_=1\" \/><a href=\"https:\/\/laultimapalabra.com.mx\/portal\/wp-content\/uploads\/2022\/03\/VID-20220321-WA0030.mp4\">https:\/\/laultimapalabra.com.mx\/portal\/wp-content\/uploads\/2022\/03\/VID-20220321-WA0030.mp4<\/a><\/video><\/div>\n<p>Cadereyta Jim\u00e9nez, N.L.- El pasado jueves mediante un video en sus redes sociales, un vecino de la colonia Valle del Roble en Cadereyta, solicit\u00f3 al Gobierno Municipal la donaci\u00f3n de una silla de ruedas; petici\u00f3n que fue escuchada casi de manera inmediata.<br \/>\nOscar Arellano Alem\u00e1n, con domicilio en Alcaparras 164, pidi\u00f3 apoyo ya que su silla de ruedas ya se encontraba en malas condiciones, situaci\u00f3n que lo imposibilitaba para intentar buscar un sustento para su familia.<br \/>\nSiendo el viernes cuando su solicitud fue atendida por personal del Dif Municipal, quienes acudieron a su domicilio para hacer la entrega de su nueva silla, la cual lo ayudar\u00e1 a poder moverse seg\u00fan sus necesidades.<\/p>\n","protected":false},"excerpt":{"rendered":"<p>Cadereyta Jim\u00e9nez, N.L.- El pasado jueves mediante un video en sus redes sociales, un vecino de la colonia Valle del Roble en Cadereyta, solicit\u00f3 al Gobierno Municipal la donaci\u00f3n de una silla de ruedas; petici\u00f3n que fue escuchada casi de manera inmediata. Oscar Arellano Alem\u00e1n, con domicilio en Alcaparras 164, pidi\u00f3 apoyo ya que su [&hellip;]<\/p>\n","protected":false},"author":9,"featured_media":26595,"comment_status":"closed","ping_status":"closed","sticky":false,"template":"","format":"standard","meta":{"footnotes":""},"categories":[17],"tags":[3595,719,3667,3860,3861,2283],"class_list":["post-26592","post","type-post","status-publish","format-standard","has-post-thumbnail","hentry","category-locales-cadereyta","tag-cadereyta-nl","tag-cosme-leal","tag-fuentela-ultima-palabra","tag-gobierno-de-cadereyta","tag-reponde-peticion","tag-valle-del-roble"],"_links":{"self":[{"href":"https:\/\/laultimapalabra.com.mx\/portal\/wp-json\/wp\/v2\/posts\/26592","targetHints":{"allow":["GET"]}}],"collection":[{"href":"https:\/\/laultimapalabra.com.mx\/portal\/wp-json\/wp\/v2\/posts"}],"about":[{"href":"https:\/\/laultimapalabra.com.mx\/portal\/wp-json\/wp\/v2\/types\/post"}],"author":[{"embeddable":true,"href":"https:\/\/laultimapalabra.com.mx\/portal\/wp-json\/wp\/v2\/users\/9"}],"replies":[{"embeddable":true,"href":"https:\/\/laultimapalabra.com.mx\/portal\/wp-json\/wp\/v2\/comments?post=26592"}],"version-history":[{"count":3,"href":"https:\/\/laultimapalabra.com.mx\/portal\/wp-json\/wp\/v2\/posts\/26592\/revisions"}],"predecessor-version":[{"id":75732,"href":"https:\/\/laultimapalabra.com.mx\/portal\/wp-json\/wp\/v2\/posts\/26592\/revisions\/75732"}],"wp:featuredmedia":[{"embeddable":true,"href":"https:\/\/laultimapalabra.com.mx\/portal\/wp-json\/wp\/v2\/media\/26595"}],"wp:attachment":[{"href":"https:\/\/laultimapalabra.com.mx\/portal\/wp-json\/wp\/v2\/media?parent=26592"}],"wp:term":[{"taxonomy":"category","embeddable":true,"href":"https:\/\/laultimapalabra.com.mx\/portal\/wp-json\/wp\/v2\/categories?post=26592"},{"taxonomy":"post_tag","embeddable":true,"href":"https:\/\/laultimapalabra.com.mx\/portal\/wp-json\/wp\/v2\/tags?post=26592"}],"curies":[{"name":"wp","href":"https:\/\/api.w.org\/{rel}","templated":true}]}}