                       {"id":26680,"date":"2022-03-23T14:16:40","date_gmt":"2022-03-23T20:16:40","guid":{"rendered":"https:\/\/laultimapalabra.com.mx\/portal\/?p=26680"},"modified":"2024-12-11T11:16:09","modified_gmt":"2024-12-11T17:16:09","slug":"rotundo-exito-registro-para-la-vacunacion-transfronteriza","status":"publish","type":"post","link":"https:\/\/laultimapalabra.com.mx\/portal\/rotundo-exito-registro-para-la-vacunacion-transfronteriza\/","title":{"rendered":"Rotundo \u00e9xito registro para la vacunaci\u00f3n transfronteriza"},"content":{"rendered":"<p><img loading=\"lazy\" decoding=\"async\" class=\"size-medium wp-image-26682 alignleft\" src=\"https:\/\/laultimapalabra.com.mx\/portal\/wp-content\/uploads\/2022\/03\/IMG-20220323-WA0017-300x199.jpg\" alt=\"\" width=\"300\" height=\"199\" srcset=\"https:\/\/laultimapalabra.com.mx\/portal\/wp-content\/uploads\/2022\/03\/IMG-20220323-WA0017-300x199.jpg 300w, https:\/\/laultimapalabra.com.mx\/portal\/wp-content\/uploads\/2022\/03\/IMG-20220323-WA0017-1024x678.jpg 1024w, https:\/\/laultimapalabra.com.mx\/portal\/wp-content\/uploads\/2022\/03\/IMG-20220323-WA0017-768x508.jpg 768w, https:\/\/laultimapalabra.com.mx\/portal\/wp-content\/uploads\/2022\/03\/IMG-20220323-WA0017.jpg 1280w\" sizes=\"auto, (max-width: 300px) 100vw, 300px\" \/>Cadereyta Jim\u00e9nez, N.L.- Un \u00e9xito rotundo fue el registro para la vacunacion<br \/>\ntransfronteriza que se llevar\u00e1 a cabo el dia de ma\u00f1ana Jueves 24 de marzo en la ciudad fronteriza R\u00edo Grande, Texas.<br \/>\nDesde muy temprano, los jimenenses hicieron largas filas en las oficinas de Desarrollo Social Municipal para lograr alcanzar uno de los 300 lugares para realizar la vacunacion contra el Covid 19 a sus hijos.<br \/>\nRecordemos que las vacunas que se aplicar\u00e1n ser\u00e1n la Pfizer Pedi\u00e1trica para menores de 5 a 11 a\u00f1os y la vacuna Pfizer para ni\u00f1os de 12 a 14 a\u00f1os; adem\u00e1s, se contar\u00e1 con alrededor de 15 a 17 autobuses para su traslado teniendo la oportunidad de ser vacunados 100 menores m\u00e1s que en la edici\u00f3n anterior.<\/p>\n","protected":false},"excerpt":{"rendered":"<p>Cadereyta Jim\u00e9nez, N.L.- Un \u00e9xito rotundo fue el registro para la vacunacion transfronteriza que se llevar\u00e1 a cabo el dia de ma\u00f1ana Jueves 24 de marzo en la ciudad fronteriza R\u00edo Grande, Texas. Desde muy temprano, los jimenenses hicieron largas filas en las oficinas de Desarrollo Social Municipal para lograr alcanzar uno de los 300 [&hellip;]<\/p>\n","protected":false},"author":9,"featured_media":26681,"comment_status":"closed","ping_status":"closed","sticky":false,"template":"","format":"standard","meta":{"footnotes":""},"categories":[17],"tags":[719,3892,3076,3860,3891],"class_list":["post-26680","post","type-post","status-publish","format-standard","has-post-thumbnail","hentry","category-locales-cadereyta","tag-cosme-leal","tag-desarrollo-social-municipal","tag-fuente-la-ultima-palabra","tag-gobierno-de-cadereyta","tag-vacunacion-transfronteriza-2022"],"_links":{"self":[{"href":"https:\/\/laultimapalabra.com.mx\/portal\/wp-json\/wp\/v2\/posts\/26680","targetHints":{"allow":["GET"]}}],"collection":[{"href":"https:\/\/laultimapalabra.com.mx\/portal\/wp-json\/wp\/v2\/posts"}],"about":[{"href":"https:\/\/laultimapalabra.com.mx\/portal\/wp-json\/wp\/v2\/types\/post"}],"author":[{"embeddable":true,"href":"https:\/\/laultimapalabra.com.mx\/portal\/wp-json\/wp\/v2\/users\/9"}],"replies":[{"embeddable":true,"href":"https:\/\/laultimapalabra.com.mx\/portal\/wp-json\/wp\/v2\/comments?post=26680"}],"version-history":[{"count":2,"href":"https:\/\/laultimapalabra.com.mx\/portal\/wp-json\/wp\/v2\/posts\/26680\/revisions"}],"predecessor-version":[{"id":75768,"href":"https:\/\/laultimapalabra.com.mx\/portal\/wp-json\/wp\/v2\/posts\/26680\/revisions\/75768"}],"wp:featuredmedia":[{"embeddable":true,"href":"https:\/\/laultimapalabra.com.mx\/portal\/wp-json\/wp\/v2\/media\/26681"}],"wp:attachment":[{"href":"https:\/\/laultimapalabra.com.mx\/portal\/wp-json\/wp\/v2\/media?parent=26680"}],"wp:term":[{"taxonomy":"category","embeddable":true,"href":"https:\/\/laultimapalabra.com.mx\/portal\/wp-json\/wp\/v2\/categories?post=26680"},{"taxonomy":"post_tag","embeddable":true,"href":"https:\/\/laultimapalabra.com.mx\/portal\/wp-json\/wp\/v2\/tags?post=26680"}],"curies":[{"name":"wp","href":"https:\/\/api.w.org\/{rel}","templated":true}]}}