                       {"id":26703,"date":"2022-03-24T07:42:05","date_gmt":"2022-03-24T13:42:05","guid":{"rendered":"https:\/\/laultimapalabra.com.mx\/portal\/?p=26703"},"modified":"2024-12-11T11:16:09","modified_gmt":"2024-12-11T17:16:09","slug":"balean-patrulla-de-policia-de-cadereyta","status":"publish","type":"post","link":"https:\/\/laultimapalabra.com.mx\/portal\/balean-patrulla-de-policia-de-cadereyta\/","title":{"rendered":"Balean patrulla de Polic\u00eda de Cadereyta"},"content":{"rendered":"<p><img loading=\"lazy\" decoding=\"async\" class=\"size-medium wp-image-26705 alignleft\" src=\"https:\/\/laultimapalabra.com.mx\/portal\/wp-content\/uploads\/2022\/03\/IMG-20220324-WA0001-300x166.jpg\" alt=\"\" width=\"300\" height=\"166\" srcset=\"https:\/\/laultimapalabra.com.mx\/portal\/wp-content\/uploads\/2022\/03\/IMG-20220324-WA0001-300x166.jpg 300w, https:\/\/laultimapalabra.com.mx\/portal\/wp-content\/uploads\/2022\/03\/IMG-20220324-WA0001-1024x567.jpg 1024w, https:\/\/laultimapalabra.com.mx\/portal\/wp-content\/uploads\/2022\/03\/IMG-20220324-WA0001-768x425.jpg 768w, https:\/\/laultimapalabra.com.mx\/portal\/wp-content\/uploads\/2022\/03\/IMG-20220324-WA0001.jpg 1080w\" sizes=\"auto, (max-width: 300px) 100vw, 300px\" \/>Cadereyta Jim\u00e9nez, N.L.- La noche de este mi\u00e9rcoles se report\u00f3 una fuerte movilizaci\u00f3n luego de que una patrulla de la Polic\u00eda del municipio de Cadereyta fuera atacada a balazos.<\/p>\n<p>El suceso ocurri\u00f3 en la entrada de la colonia Valle de los Encinos sobre la calle Sabino, frente a la colonia Santa Luc\u00eda en el municipio ya mencionado cuando la unidad policiaca n\u00famero 508 fue agredida.<\/p>\n<p>Lo que procedi\u00f3 a la persecuci\u00f3n de una camioneta marca Mercury color blanca donde iban a bordo los agresores, quienes transitaron hasta detr\u00e1s de la empresa Truxton para luego descender del veh\u00edculo e internarse en el monte logrando as\u00ed darse a la fuga.<\/p>\n<p>Se cont\u00f3 con el apoyo de los elementos de la Polic\u00eda de Ju\u00e1rez, Guadalupe, Santiago y Fuerza Civil.<\/p>\n<p>Afortunadamente no hubo personas lesionadas.<\/p>\n","protected":false},"excerpt":{"rendered":"<p>Cadereyta Jim\u00e9nez, N.L.- La noche de este mi\u00e9rcoles se report\u00f3 una fuerte movilizaci\u00f3n luego de que una patrulla de la Polic\u00eda del municipio de Cadereyta fuera atacada a balazos. El suceso ocurri\u00f3 en la entrada de la colonia Valle de los Encinos sobre la calle Sabino, frente a la colonia Santa Luc\u00eda en el municipio [&hellip;]<\/p>\n","protected":false},"author":9,"featured_media":26704,"comment_status":"closed","ping_status":"closed","sticky":false,"template":"","format":"standard","meta":{"footnotes":""},"categories":[17,8,9],"tags":[3901,3715,3076,1812],"class_list":["post-26703","post","type-post","status-publish","format-standard","has-post-thumbnail","hentry","category-locales-cadereyta","category-seguridad","category-seguridad-cadereyta","tag-balean-patrulla","tag-colonia-valle-de-los-encinos","tag-fuente-la-ultima-palabra","tag-policia-municipal-cadereyta"],"_links":{"self":[{"href":"https:\/\/laultimapalabra.com.mx\/portal\/wp-json\/wp\/v2\/posts\/26703","targetHints":{"allow":["GET"]}}],"collection":[{"href":"https:\/\/laultimapalabra.com.mx\/portal\/wp-json\/wp\/v2\/posts"}],"about":[{"href":"https:\/\/laultimapalabra.com.mx\/portal\/wp-json\/wp\/v2\/types\/post"}],"author":[{"embeddable":true,"href":"https:\/\/laultimapalabra.com.mx\/portal\/wp-json\/wp\/v2\/users\/9"}],"replies":[{"embeddable":true,"href":"https:\/\/laultimapalabra.com.mx\/portal\/wp-json\/wp\/v2\/comments?post=26703"}],"version-history":[{"count":2,"href":"https:\/\/laultimapalabra.com.mx\/portal\/wp-json\/wp\/v2\/posts\/26703\/revisions"}],"predecessor-version":[{"id":75778,"href":"https:\/\/laultimapalabra.com.mx\/portal\/wp-json\/wp\/v2\/posts\/26703\/revisions\/75778"}],"wp:featuredmedia":[{"embeddable":true,"href":"https:\/\/laultimapalabra.com.mx\/portal\/wp-json\/wp\/v2\/media\/26704"}],"wp:attachment":[{"href":"https:\/\/laultimapalabra.com.mx\/portal\/wp-json\/wp\/v2\/media?parent=26703"}],"wp:term":[{"taxonomy":"category","embeddable":true,"href":"https:\/\/laultimapalabra.com.mx\/portal\/wp-json\/wp\/v2\/categories?post=26703"},{"taxonomy":"post_tag","embeddable":true,"href":"https:\/\/laultimapalabra.com.mx\/portal\/wp-json\/wp\/v2\/tags?post=26703"}],"curies":[{"name":"wp","href":"https:\/\/api.w.org\/{rel}","templated":true}]}}