                       {"id":26736,"date":"2022-03-24T14:39:40","date_gmt":"2022-03-24T20:39:40","guid":{"rendered":"https:\/\/laultimapalabra.com.mx\/portal\/?p=26736"},"modified":"2024-12-11T11:16:09","modified_gmt":"2024-12-11T17:16:09","slug":"adoptan-a-abuelito-en-juarez","status":"publish","type":"post","link":"https:\/\/laultimapalabra.com.mx\/portal\/adoptan-a-abuelito-en-juarez\/","title":{"rendered":"Adoptan a abuelito en Ju\u00e1rez"},"content":{"rendered":"<p><img loading=\"lazy\" decoding=\"async\" class=\"size-medium wp-image-26738 alignleft\" src=\"https:\/\/laultimapalabra.com.mx\/portal\/wp-content\/uploads\/2022\/03\/IMG-20220324-WA0044-300x200.jpg\" alt=\"\" width=\"300\" height=\"200\" srcset=\"https:\/\/laultimapalabra.com.mx\/portal\/wp-content\/uploads\/2022\/03\/IMG-20220324-WA0044-300x200.jpg 300w, https:\/\/laultimapalabra.com.mx\/portal\/wp-content\/uploads\/2022\/03\/IMG-20220324-WA0044-1024x682.jpg 1024w, https:\/\/laultimapalabra.com.mx\/portal\/wp-content\/uploads\/2022\/03\/IMG-20220324-WA0044-768x512.jpg 768w, https:\/\/laultimapalabra.com.mx\/portal\/wp-content\/uploads\/2022\/03\/IMG-20220324-WA0044.jpg 1280w\" sizes=\"auto, (max-width: 300px) 100vw, 300px\" \/>Ju\u00e1rez, N.L.- En un hecho sin precedentes en esta ciudad, un adulto mayor fue adoptado por una familia juarense el d\u00eda de hoy, en forma oficial y con una gran lecci\u00f3n de vida para muchos familiares de abuelitos en esta ciudad.<\/p>\n<p>Con personal del DIF, el Gobierno Municipal y las autoridades competentes de adopci\u00f3n, realizaron el protocolo oficial para que la familia Medell\u00edn Arrambide recibiera desde hoy en la ma\u00f1ana, al se\u00f1or Crisp\u00edn .<\/p>\n<p>El abuelito conquist\u00f3 los corazones de la familia, gracias a la convivencia diaria en la Casa del Adulto mayor en la colonia Los Reyes y fue as\u00ed que decidieron que formara parte de su vida y de su hogar.<\/p>\n","protected":false},"excerpt":{"rendered":"<p>Ju\u00e1rez, N.L.- En un hecho sin precedentes en esta ciudad, un adulto mayor fue adoptado por una familia juarense el d\u00eda de hoy, en forma oficial y con una gran lecci\u00f3n de vida para muchos familiares de abuelitos en esta ciudad. Con personal del DIF, el Gobierno Municipal y las autoridades competentes de adopci\u00f3n, realizaron [&hellip;]<\/p>\n","protected":false},"author":9,"featured_media":26737,"comment_status":"closed","ping_status":"closed","sticky":false,"template":"","format":"standard","meta":{"footnotes":""},"categories":[18],"tags":[3916,852,3076,3590,1684],"class_list":["post-26736","post","type-post","status-publish","format-standard","has-post-thumbnail","hentry","category-locales-juarez","tag-adoptan-abuelito","tag-dif-juarez-nl","tag-fuente-la-ultima-palabra","tag-juarez-nl","tag-paco-trevino"],"_links":{"self":[{"href":"https:\/\/laultimapalabra.com.mx\/portal\/wp-json\/wp\/v2\/posts\/26736","targetHints":{"allow":["GET"]}}],"collection":[{"href":"https:\/\/laultimapalabra.com.mx\/portal\/wp-json\/wp\/v2\/posts"}],"about":[{"href":"https:\/\/laultimapalabra.com.mx\/portal\/wp-json\/wp\/v2\/types\/post"}],"author":[{"embeddable":true,"href":"https:\/\/laultimapalabra.com.mx\/portal\/wp-json\/wp\/v2\/users\/9"}],"replies":[{"embeddable":true,"href":"https:\/\/laultimapalabra.com.mx\/portal\/wp-json\/wp\/v2\/comments?post=26736"}],"version-history":[{"count":2,"href":"https:\/\/laultimapalabra.com.mx\/portal\/wp-json\/wp\/v2\/posts\/26736\/revisions"}],"predecessor-version":[{"id":75794,"href":"https:\/\/laultimapalabra.com.mx\/portal\/wp-json\/wp\/v2\/posts\/26736\/revisions\/75794"}],"wp:featuredmedia":[{"embeddable":true,"href":"https:\/\/laultimapalabra.com.mx\/portal\/wp-json\/wp\/v2\/media\/26737"}],"wp:attachment":[{"href":"https:\/\/laultimapalabra.com.mx\/portal\/wp-json\/wp\/v2\/media?parent=26736"}],"wp:term":[{"taxonomy":"category","embeddable":true,"href":"https:\/\/laultimapalabra.com.mx\/portal\/wp-json\/wp\/v2\/categories?post=26736"},{"taxonomy":"post_tag","embeddable":true,"href":"https:\/\/laultimapalabra.com.mx\/portal\/wp-json\/wp\/v2\/tags?post=26736"}],"curies":[{"name":"wp","href":"https:\/\/api.w.org\/{rel}","templated":true}]}}