                       {"id":2674,"date":"2018-07-27T00:29:00","date_gmt":"2018-07-27T00:29:00","guid":{"rendered":"http:\/\/laultimapalabra.info\/?p=2674"},"modified":"2024-12-11T08:37:21","modified_gmt":"2024-12-11T14:37:21","slug":"el-quemador-25","status":"publish","type":"post","link":"https:\/\/laultimapalabra.com.mx\/portal\/el-quemador-25\/","title":{"rendered":"El Quemador"},"content":{"rendered":"<p><img loading=\"lazy\" decoding=\"async\" class=\"size-medium wp-image-159 alignleft\" src=\"https:\/\/laultimapalabra.com.mx\/portal\/wp-content\/uploads\/2018\/02\/Banner-Caliente-copia-300x171.jpg\" alt=\"\" width=\"300\" height=\"171\" \/>Por: El Repre<\/p>\n<p style=\"text-align: justify;\">38 MIL MILLONES<br \/>\nIniciamos esta columneja muy contentos pues hace 3 d\u00edas la Ingeniero Qu\u00edmica Roc\u00edo Nahle que fue propuesta por AMLO como Secretaria de Energ\u00eda en su pr\u00f3ximo gabinete anuncio que se invertir\u00e1n 38 mil millones de pesos para rehabilitar las 6 refiner\u00edas del Pa\u00eds\u2026 \u00bfa poco no es esta una gran noticia para todos los petroleros? Ojala que sea cierto y ya v\u00e1yanse preparando porque se viene el auge de trabajo compitas!!<br \/>\nEXITAZO<br \/>\nLo que no ha parado ni con la tremenda ola de calor que vivimos en nuestra querida Cadereyta son los festejos del Faly Fest 2018\u2026la verdad que ha sido impresionante la gran cantidad de festejos que nuestro Secretario General ha tenido por motivo de su cumplea\u00f1os y no paran\u2026ahora s\u00ed que como dicen los jubilados: \u201cno te mueras nunca Faly\u201d!!<br \/>\nFIRME<br \/>\nLo que tambi\u00e9n sigue quedando claro d\u00eda con d\u00eda es el gran apoyo que las mayor\u00edas le han brindado a su actual Secretario General\u2026y es que no solo es por los festejos de su cumplea\u00f1os, pues como ya lo dijimos la gran mayor\u00eda manifiesta al Faly su apoyo para que siga al frente de la Secci\u00f3n por tres a\u00f1os m\u00e1s\u2026pues as\u00ed ser\u00e1, ya lo ver\u00e1n!!<br \/>\nSIN CONTRAS<br \/>\nPor cierto que a todos los que nos preguntan que qu\u00e9 informaci\u00f3n les tenemos de los grupos que se organizaban para contender en las pr\u00f3ximas elecciones sindicales y darle la pelea a la Planilla del S\u00faper Faly Ortu\u00f1o pues les decimos que nada hay al respecto\u2026pareciera como si se los hubiera tragado la tierra y ya nadie dice nada ni alza la voz si quiera para participar\u2026as\u00ed las cosas con \u201clos contras\u201d compitas!!<br \/>\nDO\u00d1A FLORINDA GUEVARA<br \/>\nSiguiendo con la linda y tierna historia de amor protagonizada por Do\u00f1a Florinda Guevara y el Jos\u00e9 Luis Jirafales pues les tenemos el ultimo cap\u00edtulo que protagonizaron este par de esbeltos tortolitos\u2026pues resulta que la Do\u00f1a Florinda Guevara se apareci\u00f3 en la fiesta de cumplea\u00f1os que Campos le organizara a su se\u00f1ora esposa\u2026as\u00ed como lo leen, s\u00edganle!!<br \/>\nCORRIDA<br \/>\nDicen las muchachonas que nos pasan el dato y que ah\u00ed estuvieron en la fiesta de la \u00f1ora de Pepe Luis, que nadie pod\u00eda dar cr\u00e9dito a lo que ve\u00edan, pues nunca se imaginaron que Guevara se apareciera en el festejo que era en la misma casa de la familia Campos\u2026total que pas\u00f3 lo que ten\u00eda pasar, el momento se volvi\u00f3 muy pero muy tenso y Do\u00f1a Florinda despu\u00e9s de 10 minutos tuvo que abandonar el lugar y ni por la feria volvi\u00f3\u2026pues ahora s\u00ed que cada quien saque sus propias conclusiones, pero que puntada la de Guevara, antes no le fue peor!!<br \/>\nJUBILADOS<br \/>\nY ya que andamos con la Guevara que alguien le diga que en el departamento de jubilados ni la ocupan ni la quieren\u2026y es que Claudita ahora que andaba en campa\u00f1a se agarr\u00f3 un grupito de jubilados quesque pa\u2019 coordinarlos\u2026 \u00bfser\u00e1 que pueda? Tambi\u00e9n que le digan que los jubilados no votar\u00e1n por ella pa\u2019 que siga de comisionada 3 a\u00f1os m\u00e1s (ni Dios lo mande) ni los de su departamento pa\u2019 acabar pronto!!<br \/>\nSOSA<br \/>\nDe las centrales Contra Incendio nos cuentan que el dizque Jefe Sosa aguant\u00f3 al temido Conti en la guardia del s\u00e1bado 21 de julio\u2026y todo para que se fuera a Tampico participando el Sargento Jos\u00e9 Mar\u00eda Domingo\u2026pues resulta que le recibieron la guardia al Conti en el turno 3 siendo que cubr\u00eda la jefatura en el turno 2\u2026pues con tanto revoltijo la cosa esta f\u00e1cil, que Sosa muestre su reanudaci\u00f3n as\u00ed como se las exige a los que no le pagan las calacas\u2026m\u00e9ndiga lacra Sosa!!<br \/>\nACCIDENTE<br \/>\nY damos paso a una lamentable noticia que sucedi\u00f3 en el patio del Almac\u00e9n de la refi\u2026resulta que un muchacho de apellido Montalvo al andar moviendo tuber\u00eda y unas v\u00e1lvulas se da\u00f1\u00f3 gravemente una de sus manos\u2026dice el reporte que nos dan que el chamaco sufri\u00f3 desprendimiento de uno de sus dedos\u2026la pr\u00f3xima semana les contaremos m\u00e1s de este caso y por favor compitas usen su equipo de protecci\u00f3n personal completo porque los accidentes no perdonan!!<br \/>\nP\u00c9SAME<br \/>\nY ya para despedirnos expresamos nuestro m\u00e1s sentido p\u00e9same a la familia S\u00e1nchez Reyes por el sensible fallecimiento del se\u00f1or Jos\u00e9 Luis S\u00e1nchez Hidalgo conocido como el \u201cVela\u201d por la gran familia petrolera\u2026que en paz descanse!! Arrivederchi!!<\/p>\n","protected":false},"excerpt":{"rendered":"<p>Por: El Repre 38 MIL MILLONES Iniciamos esta columneja muy contentos pues hace 3 d\u00edas la Ingeniero Qu\u00edmica Roc\u00edo Nahle que fue propuesta por AMLO como Secretaria de Energ\u00eda en su pr\u00f3ximo gabinete anuncio que se invertir\u00e1n 38 mil millones de pesos para rehabilitar las 6 refiner\u00edas del Pa\u00eds\u2026 \u00bfa poco no es esta una [&hellip;]<\/p>\n","protected":false},"author":9,"featured_media":159,"comment_status":"open","ping_status":"closed","sticky":false,"template":"","format":"standard","meta":{"footnotes":""},"categories":[1],"tags":[944],"class_list":["post-2674","post","type-post","status-publish","format-standard","has-post-thumbnail","hentry","category-noticias","tag-el-repre-el-quemador"],"_links":{"self":[{"href":"https:\/\/laultimapalabra.com.mx\/portal\/wp-json\/wp\/v2\/posts\/2674","targetHints":{"allow":["GET"]}}],"collection":[{"href":"https:\/\/laultimapalabra.com.mx\/portal\/wp-json\/wp\/v2\/posts"}],"about":[{"href":"https:\/\/laultimapalabra.com.mx\/portal\/wp-json\/wp\/v2\/types\/post"}],"author":[{"embeddable":true,"href":"https:\/\/laultimapalabra.com.mx\/portal\/wp-json\/wp\/v2\/users\/9"}],"replies":[{"embeddable":true,"href":"https:\/\/laultimapalabra.com.mx\/portal\/wp-json\/wp\/v2\/comments?post=2674"}],"version-history":[{"count":1,"href":"https:\/\/laultimapalabra.com.mx\/portal\/wp-json\/wp\/v2\/posts\/2674\/revisions"}],"predecessor-version":[{"id":64451,"href":"https:\/\/laultimapalabra.com.mx\/portal\/wp-json\/wp\/v2\/posts\/2674\/revisions\/64451"}],"wp:featuredmedia":[{"embeddable":true,"href":"https:\/\/laultimapalabra.com.mx\/portal\/wp-json\/"}],"wp:attachment":[{"href":"https:\/\/laultimapalabra.com.mx\/portal\/wp-json\/wp\/v2\/media?parent=2674"}],"wp:term":[{"taxonomy":"category","embeddable":true,"href":"https:\/\/laultimapalabra.com.mx\/portal\/wp-json\/wp\/v2\/categories?post=2674"},{"taxonomy":"post_tag","embeddable":true,"href":"https:\/\/laultimapalabra.com.mx\/portal\/wp-json\/wp\/v2\/tags?post=2674"}],"curies":[{"name":"wp","href":"https:\/\/api.w.org\/{rel}","templated":true}]}}