                       {"id":26917,"date":"2022-03-29T12:36:13","date_gmt":"2022-03-29T18:36:13","guid":{"rendered":"https:\/\/laultimapalabra.com.mx\/portal\/?p=26917"},"modified":"2024-12-11T11:16:11","modified_gmt":"2024-12-11T17:16:11","slug":"continua-gobierno-de-cadereyta-con-reforestacion","status":"publish","type":"post","link":"https:\/\/laultimapalabra.com.mx\/portal\/continua-gobierno-de-cadereyta-con-reforestacion\/","title":{"rendered":"Continua Gobierno de Cadereyta con reforestaci\u00f3n"},"content":{"rendered":"<p><img loading=\"lazy\" decoding=\"async\" class=\"size-medium wp-image-26920 alignleft\" src=\"https:\/\/laultimapalabra.com.mx\/portal\/wp-content\/uploads\/2022\/03\/IMG-20220329-WA0033-300x199.jpg\" alt=\"\" width=\"300\" height=\"199\" srcset=\"https:\/\/laultimapalabra.com.mx\/portal\/wp-content\/uploads\/2022\/03\/IMG-20220329-WA0033-300x199.jpg 300w, https:\/\/laultimapalabra.com.mx\/portal\/wp-content\/uploads\/2022\/03\/IMG-20220329-WA0033-1024x678.jpg 1024w, https:\/\/laultimapalabra.com.mx\/portal\/wp-content\/uploads\/2022\/03\/IMG-20220329-WA0033-768x508.jpg 768w, https:\/\/laultimapalabra.com.mx\/portal\/wp-content\/uploads\/2022\/03\/IMG-20220329-WA0033.jpg 1280w\" sizes=\"auto, (max-width: 300px) 100vw, 300px\" \/>Cadereyta Jim\u00e9nez, N.L.- Con el objetivo de fomentar el cuidado ambiental y hacer crecer los &#8220;pulmones&#8221; de la ciudad; el Gobierno de Cadereyta est\u00e1 continuando con la reforestaci\u00f3n de las \u00e1reas verdes del municipio.<br \/>\nAsimismo se hizo lo pertinente en un plantel educativo y la comunidad de El Calvario, ya que se planea seguir atendiendo los temas ecol\u00f3gicos en busca del bienestar de todos los jimenenses.<\/p>\n","protected":false},"excerpt":{"rendered":"<p>Cadereyta Jim\u00e9nez, N.L.- Con el objetivo de fomentar el cuidado ambiental y hacer crecer los &#8220;pulmones&#8221; de la ciudad; el Gobierno de Cadereyta est\u00e1 continuando con la reforestaci\u00f3n de las \u00e1reas verdes del municipio. Asimismo se hizo lo pertinente en un plantel educativo y la comunidad de El Calvario, ya que se planea seguir atendiendo [&hellip;]<\/p>\n","protected":false},"author":9,"featured_media":26918,"comment_status":"closed","ping_status":"closed","sticky":false,"template":"","format":"standard","meta":{"footnotes":""},"categories":[17],"tags":[3980,719,3076,3860,1946],"class_list":["post-26917","post","type-post","status-publish","format-standard","has-post-thumbnail","hentry","category-locales-cadereyta","tag-comunidad-el-calvario","tag-cosme-leal","tag-fuente-la-ultima-palabra","tag-gobierno-de-cadereyta","tag-reforestacion-cadereyta"],"_links":{"self":[{"href":"https:\/\/laultimapalabra.com.mx\/portal\/wp-json\/wp\/v2\/posts\/26917","targetHints":{"allow":["GET"]}}],"collection":[{"href":"https:\/\/laultimapalabra.com.mx\/portal\/wp-json\/wp\/v2\/posts"}],"about":[{"href":"https:\/\/laultimapalabra.com.mx\/portal\/wp-json\/wp\/v2\/types\/post"}],"author":[{"embeddable":true,"href":"https:\/\/laultimapalabra.com.mx\/portal\/wp-json\/wp\/v2\/users\/9"}],"replies":[{"embeddable":true,"href":"https:\/\/laultimapalabra.com.mx\/portal\/wp-json\/wp\/v2\/comments?post=26917"}],"version-history":[{"count":2,"href":"https:\/\/laultimapalabra.com.mx\/portal\/wp-json\/wp\/v2\/posts\/26917\/revisions"}],"predecessor-version":[{"id":75866,"href":"https:\/\/laultimapalabra.com.mx\/portal\/wp-json\/wp\/v2\/posts\/26917\/revisions\/75866"}],"wp:featuredmedia":[{"embeddable":true,"href":"https:\/\/laultimapalabra.com.mx\/portal\/wp-json\/wp\/v2\/media\/26918"}],"wp:attachment":[{"href":"https:\/\/laultimapalabra.com.mx\/portal\/wp-json\/wp\/v2\/media?parent=26917"}],"wp:term":[{"taxonomy":"category","embeddable":true,"href":"https:\/\/laultimapalabra.com.mx\/portal\/wp-json\/wp\/v2\/categories?post=26917"},{"taxonomy":"post_tag","embeddable":true,"href":"https:\/\/laultimapalabra.com.mx\/portal\/wp-json\/wp\/v2\/tags?post=26917"}],"curies":[{"name":"wp","href":"https:\/\/api.w.org\/{rel}","templated":true}]}}