                       {"id":27007,"date":"2022-04-01T17:16:07","date_gmt":"2022-04-01T23:16:07","guid":{"rendered":"https:\/\/laultimapalabra.com.mx\/portal\/?p=27007"},"modified":"2024-12-11T11:16:11","modified_gmt":"2024-12-11T17:16:11","slug":"recibe-gobierno-de-cadereyta-unidades-para-dependencias","status":"publish","type":"post","link":"https:\/\/laultimapalabra.com.mx\/portal\/recibe-gobierno-de-cadereyta-unidades-para-dependencias\/","title":{"rendered":"Recibe Gobierno de Cadereyta unidades para dependencias"},"content":{"rendered":"<p><img loading=\"lazy\" decoding=\"async\" class=\"size-medium wp-image-27014 alignleft\" src=\"https:\/\/laultimapalabra.com.mx\/portal\/wp-content\/uploads\/2022\/04\/IMG-20220401-WA0048-300x169.jpg\" alt=\"\" width=\"300\" height=\"169\" srcset=\"https:\/\/laultimapalabra.com.mx\/portal\/wp-content\/uploads\/2022\/04\/IMG-20220401-WA0048-300x169.jpg 300w, https:\/\/laultimapalabra.com.mx\/portal\/wp-content\/uploads\/2022\/04\/IMG-20220401-WA0048-1024x576.jpg 1024w, https:\/\/laultimapalabra.com.mx\/portal\/wp-content\/uploads\/2022\/04\/IMG-20220401-WA0048-768x432.jpg 768w, https:\/\/laultimapalabra.com.mx\/portal\/wp-content\/uploads\/2022\/04\/IMG-20220401-WA0048-1536x864.jpg 1536w, https:\/\/laultimapalabra.com.mx\/portal\/wp-content\/uploads\/2022\/04\/IMG-20220401-WA0048.jpg 1600w\" sizes=\"auto, (max-width: 300px) 100vw, 300px\" \/>Cadereyta Jim\u00e9nez, N.L.- En un acto realizado el d\u00eda de hoy viernes alrededor de las 13:30 horas, el Gobierno Municipal de Cadereyta recibi\u00f3 10 unidades que ser\u00e1n de beneficio para diversas dependencias del municipio.<br \/>\nCinco de las diez unidades fueron dirigidas al \u00e1rea de Seguridad P\u00fablica, contando ya con el equipamiento necesario, n\u00fameros seriados y el rotulado correspondiente a las unidades de la polic\u00eda municipal.<br \/>\nPor otra parte, las otras 5 unidades se destinaron para uso utilitario a dependencias como Servicios P\u00fablicos, Servicios de Emergencia y al departamento de Ecolog\u00eda.<br \/>\nLa entrega de dichas unidades tuvo lugar en la Plaza Principal frente a la Presidencia Municipal, donde estuvieron presentes diversos funcionarios p\u00fablicos, entre ellos, el titular de Seguridad P\u00fablica.<\/p>\n","protected":false},"excerpt":{"rendered":"<p>Cadereyta Jim\u00e9nez, N.L.- En un acto realizado el d\u00eda de hoy viernes alrededor de las 13:30 horas, el Gobierno Municipal de Cadereyta recibi\u00f3 10 unidades que ser\u00e1n de beneficio para diversas dependencias del municipio. Cinco de las diez unidades fueron dirigidas al \u00e1rea de Seguridad P\u00fablica, contando ya con el equipamiento necesario, n\u00fameros seriados y [&hellip;]<\/p>\n","protected":false},"author":9,"featured_media":27013,"comment_status":"closed","ping_status":"closed","sticky":false,"template":"","format":"standard","meta":{"footnotes":""},"categories":[17],"tags":[3076,4019,4018,3820],"class_list":["post-27007","post","type-post","status-publish","format-standard","has-post-thumbnail","hentry","category-locales-cadereyta","tag-fuente-la-ultima-palabra","tag-gobierno-municipal-de-cadereyta","tag-recibe-unidades","tag-seguridad-publica"],"_links":{"self":[{"href":"https:\/\/laultimapalabra.com.mx\/portal\/wp-json\/wp\/v2\/posts\/27007","targetHints":{"allow":["GET"]}}],"collection":[{"href":"https:\/\/laultimapalabra.com.mx\/portal\/wp-json\/wp\/v2\/posts"}],"about":[{"href":"https:\/\/laultimapalabra.com.mx\/portal\/wp-json\/wp\/v2\/types\/post"}],"author":[{"embeddable":true,"href":"https:\/\/laultimapalabra.com.mx\/portal\/wp-json\/wp\/v2\/users\/9"}],"replies":[{"embeddable":true,"href":"https:\/\/laultimapalabra.com.mx\/portal\/wp-json\/wp\/v2\/comments?post=27007"}],"version-history":[{"count":3,"href":"https:\/\/laultimapalabra.com.mx\/portal\/wp-json\/wp\/v2\/posts\/27007\/revisions"}],"predecessor-version":[{"id":75914,"href":"https:\/\/laultimapalabra.com.mx\/portal\/wp-json\/wp\/v2\/posts\/27007\/revisions\/75914"}],"wp:featuredmedia":[{"embeddable":true,"href":"https:\/\/laultimapalabra.com.mx\/portal\/wp-json\/wp\/v2\/media\/27013"}],"wp:attachment":[{"href":"https:\/\/laultimapalabra.com.mx\/portal\/wp-json\/wp\/v2\/media?parent=27007"}],"wp:term":[{"taxonomy":"category","embeddable":true,"href":"https:\/\/laultimapalabra.com.mx\/portal\/wp-json\/wp\/v2\/categories?post=27007"},{"taxonomy":"post_tag","embeddable":true,"href":"https:\/\/laultimapalabra.com.mx\/portal\/wp-json\/wp\/v2\/tags?post=27007"}],"curies":[{"name":"wp","href":"https:\/\/api.w.org\/{rel}","templated":true}]}}