                       {"id":27282,"date":"2022-04-08T09:41:04","date_gmt":"2022-04-08T15:41:04","guid":{"rendered":"https:\/\/laultimapalabra.com.mx\/portal\/?p=27282"},"modified":"2024-12-11T11:16:13","modified_gmt":"2024-12-11T17:16:13","slug":"detona-arma-de-fuego-en-valle-de-los-encinos-y-lo-detienen","status":"publish","type":"post","link":"https:\/\/laultimapalabra.com.mx\/portal\/detona-arma-de-fuego-en-valle-de-los-encinos-y-lo-detienen\/","title":{"rendered":"Detona arma de fuego en Valle de Los Encinos y lo detienen"},"content":{"rendered":"<p><img loading=\"lazy\" decoding=\"async\" class=\"size-medium wp-image-27283 alignleft\" src=\"https:\/\/laultimapalabra.com.mx\/portal\/wp-content\/uploads\/2022\/04\/IMG-20220408-WA0000-300x300.jpg\" alt=\"\" width=\"300\" height=\"300\" srcset=\"https:\/\/laultimapalabra.com.mx\/portal\/wp-content\/uploads\/2022\/04\/IMG-20220408-WA0000-300x300.jpg 300w, https:\/\/laultimapalabra.com.mx\/portal\/wp-content\/uploads\/2022\/04\/IMG-20220408-WA0000-150x150.jpg 150w, https:\/\/laultimapalabra.com.mx\/portal\/wp-content\/uploads\/2022\/04\/IMG-20220408-WA0000-768x768.jpg 768w, https:\/\/laultimapalabra.com.mx\/portal\/wp-content\/uploads\/2022\/04\/IMG-20220408-WA0000.jpg 960w\" sizes=\"auto, (max-width: 300px) 100vw, 300px\" \/>Cadereyta Jim\u00e9nez, N.L.- Un hombre fue detenido el d\u00eda de ayer despu\u00e9s de realizar varias detonaciones en la colonia Valle de los Encinos en el municipio de Cadereyta.<br \/>\nLos hechos ocurrieron cuando integrantes de la Secretar\u00eda de Seguridad P\u00fablica del Municipio acudieron a un reporte de detonaciones en la colonia ya mencionada, donde se les proporcion\u00f3 las caracter\u00edsticas del presunto infractor y se despleg\u00f3 una b\u00fasqueda y localizaci\u00f3n de la persona con las caracter\u00edsticas descritas, misma a la que se le encontr\u00f3 entre sus prendas un arma de fuego con la que pretend\u00eda cometer conductas il\u00edcitas.<br \/>\nDeteniendo a quien se identific\u00f3 como ERNESTO N. de 43 a\u00f1os de edad, y fue trasladado a la Fiscal\u00eda General de la Rep\u00fablica en Municipio de Escobedo.<\/p>\n","protected":false},"excerpt":{"rendered":"<p>Cadereyta Jim\u00e9nez, N.L.- Un hombre fue detenido el d\u00eda de ayer despu\u00e9s de realizar varias detonaciones en la colonia Valle de los Encinos en el municipio de Cadereyta. Los hechos ocurrieron cuando integrantes de la Secretar\u00eda de Seguridad P\u00fablica del Municipio acudieron a un reporte de detonaciones en la colonia ya mencionada, donde se les [&hellip;]<\/p>\n","protected":false},"author":9,"featured_media":27283,"comment_status":"closed","ping_status":"closed","sticky":false,"template":"","format":"standard","meta":{"footnotes":""},"categories":[17,8,9],"tags":[3715,4106,4107,3076],"class_list":["post-27282","post","type-post","status-publish","format-standard","has-post-thumbnail","hentry","category-locales-cadereyta","category-seguridad","category-seguridad-cadereyta","tag-colonia-valle-de-los-encinos","tag-detenidos-cadereyta-2022","tag-detona-arma","tag-fuente-la-ultima-palabra"],"_links":{"self":[{"href":"https:\/\/laultimapalabra.com.mx\/portal\/wp-json\/wp\/v2\/posts\/27282","targetHints":{"allow":["GET"]}}],"collection":[{"href":"https:\/\/laultimapalabra.com.mx\/portal\/wp-json\/wp\/v2\/posts"}],"about":[{"href":"https:\/\/laultimapalabra.com.mx\/portal\/wp-json\/wp\/v2\/types\/post"}],"author":[{"embeddable":true,"href":"https:\/\/laultimapalabra.com.mx\/portal\/wp-json\/wp\/v2\/users\/9"}],"replies":[{"embeddable":true,"href":"https:\/\/laultimapalabra.com.mx\/portal\/wp-json\/wp\/v2\/comments?post=27282"}],"version-history":[{"count":2,"href":"https:\/\/laultimapalabra.com.mx\/portal\/wp-json\/wp\/v2\/posts\/27282\/revisions"}],"predecessor-version":[{"id":76030,"href":"https:\/\/laultimapalabra.com.mx\/portal\/wp-json\/wp\/v2\/posts\/27282\/revisions\/76030"}],"wp:featuredmedia":[{"embeddable":true,"href":"https:\/\/laultimapalabra.com.mx\/portal\/wp-json\/wp\/v2\/media\/27283"}],"wp:attachment":[{"href":"https:\/\/laultimapalabra.com.mx\/portal\/wp-json\/wp\/v2\/media?parent=27282"}],"wp:term":[{"taxonomy":"category","embeddable":true,"href":"https:\/\/laultimapalabra.com.mx\/portal\/wp-json\/wp\/v2\/categories?post=27282"},{"taxonomy":"post_tag","embeddable":true,"href":"https:\/\/laultimapalabra.com.mx\/portal\/wp-json\/wp\/v2\/tags?post=27282"}],"curies":[{"name":"wp","href":"https:\/\/api.w.org\/{rel}","templated":true}]}}