                       {"id":27321,"date":"2022-04-08T15:47:33","date_gmt":"2022-04-08T21:47:33","guid":{"rendered":"https:\/\/laultimapalabra.com.mx\/portal\/?p=27321"},"modified":"2024-12-11T11:16:14","modified_gmt":"2024-12-11T17:16:14","slug":"lo-logramos-todos-dice-primera-jueza-negra-de-corte-en-eu","status":"publish","type":"post","link":"https:\/\/laultimapalabra.com.mx\/portal\/lo-logramos-todos-dice-primera-jueza-negra-de-corte-en-eu\/","title":{"rendered":"&#8216;Lo logramos todos&#8217;, dice primera jueza negra de Corte en EU"},"content":{"rendered":"<p><img loading=\"lazy\" decoding=\"async\" class=\"size-medium wp-image-27322 alignleft\" src=\"https:\/\/laultimapalabra.com.mx\/portal\/wp-content\/uploads\/2022\/04\/IMG-20220408-WA0087-300x200.jpg\" alt=\"\" width=\"300\" height=\"200\" srcset=\"https:\/\/laultimapalabra.com.mx\/portal\/wp-content\/uploads\/2022\/04\/IMG-20220408-WA0087-300x200.jpg 300w, https:\/\/laultimapalabra.com.mx\/portal\/wp-content\/uploads\/2022\/04\/IMG-20220408-WA0087-768x512.jpg 768w, https:\/\/laultimapalabra.com.mx\/portal\/wp-content\/uploads\/2022\/04\/IMG-20220408-WA0087.jpg 960w\" sizes=\"auto, (max-width: 300px) 100vw, 300px\" \/>Washington DC, Estados Unidos.- Con l\u00e1grimas en los ojos abrazando un momento hist\u00f3rico, la jueza Ketanji Brown Jackson dijo el viernes que su confirmaci\u00f3n como la primera mujer negra en la Suprema Corte mostr\u00f3 el progreso de Estados Unidos.<br \/>\nJackson pronunci\u00f3 emotivos comentarios en el soleado jard\u00edn sur de la Casa Blanca un d\u00eda despu\u00e9s de que el Senado aprobara su nominaci\u00f3n y dijo que era un acontecimiento del que todo el pa\u00eds pod\u00eda estar orgulloso.<br \/>\nEl Presidente Joe Biden, quien hizo su propia historia al nominarla, estuvo a su lado en el evento del viernes y celebr\u00f3 su confirmaci\u00f3n como &#8220;un momento de cambio real en la historia de Estados Unidos&#8221;.<\/p>\n","protected":false},"excerpt":{"rendered":"<p>Washington DC, Estados Unidos.- Con l\u00e1grimas en los ojos abrazando un momento hist\u00f3rico, la jueza Ketanji Brown Jackson dijo el viernes que su confirmaci\u00f3n como la primera mujer negra en la Suprema Corte mostr\u00f3 el progreso de Estados Unidos. Jackson pronunci\u00f3 emotivos comentarios en el soleado jard\u00edn sur de la Casa Blanca un d\u00eda despu\u00e9s [&hellip;]<\/p>\n","protected":false},"author":9,"featured_media":27322,"comment_status":"closed","ping_status":"closed","sticky":false,"template":"","format":"standard","meta":{"footnotes":""},"categories":[16],"tags":[3879,3192,3881,4120],"class_list":["post-27321","post","type-post","status-publish","format-standard","has-post-thumbnail","hentry","category-internacional","tag-estados-unidos","tag-fuente-abc-noticias","tag-joe-biden","tag-ketanji-brown-jackson"],"_links":{"self":[{"href":"https:\/\/laultimapalabra.com.mx\/portal\/wp-json\/wp\/v2\/posts\/27321","targetHints":{"allow":["GET"]}}],"collection":[{"href":"https:\/\/laultimapalabra.com.mx\/portal\/wp-json\/wp\/v2\/posts"}],"about":[{"href":"https:\/\/laultimapalabra.com.mx\/portal\/wp-json\/wp\/v2\/types\/post"}],"author":[{"embeddable":true,"href":"https:\/\/laultimapalabra.com.mx\/portal\/wp-json\/wp\/v2\/users\/9"}],"replies":[{"embeddable":true,"href":"https:\/\/laultimapalabra.com.mx\/portal\/wp-json\/wp\/v2\/comments?post=27321"}],"version-history":[{"count":2,"href":"https:\/\/laultimapalabra.com.mx\/portal\/wp-json\/wp\/v2\/posts\/27321\/revisions"}],"predecessor-version":[{"id":76048,"href":"https:\/\/laultimapalabra.com.mx\/portal\/wp-json\/wp\/v2\/posts\/27321\/revisions\/76048"}],"wp:featuredmedia":[{"embeddable":true,"href":"https:\/\/laultimapalabra.com.mx\/portal\/wp-json\/wp\/v2\/media\/27322"}],"wp:attachment":[{"href":"https:\/\/laultimapalabra.com.mx\/portal\/wp-json\/wp\/v2\/media?parent=27321"}],"wp:term":[{"taxonomy":"category","embeddable":true,"href":"https:\/\/laultimapalabra.com.mx\/portal\/wp-json\/wp\/v2\/categories?post=27321"},{"taxonomy":"post_tag","embeddable":true,"href":"https:\/\/laultimapalabra.com.mx\/portal\/wp-json\/wp\/v2\/tags?post=27321"}],"curies":[{"name":"wp","href":"https:\/\/api.w.org\/{rel}","templated":true}]}}