                       {"id":2745,"date":"2018-08-03T01:15:54","date_gmt":"2018-08-03T01:15:54","guid":{"rendered":"http:\/\/laultimapalabra.info\/?p=2745"},"modified":"2024-12-11T08:37:22","modified_gmt":"2024-12-11T14:37:22","slug":"sucedio-en-el-monterrey-1936","status":"publish","type":"post","link":"https:\/\/laultimapalabra.com.mx\/portal\/sucedio-en-el-monterrey-1936\/","title":{"rendered":"Sucedi\u00f3 en el Monterrey 1936"},"content":{"rendered":"<p><img loading=\"lazy\" decoding=\"async\" class=\"size-medium wp-image-2747\" src=\"https:\/\/laultimapalabra.com.mx\/portal\/wp-content\/uploads\/2018\/08\/121475236-289x300.jpg\" alt=\"\" width=\"289\" height=\"300\" \/><\/p>\n<p style=\"text-align: justify;\">Por: Dr. Jos\u00e9 Ascenci\u00f3n Tijerina Flores<\/p>\n<p style=\"text-align: justify;\">Seguramente estimado lector, usted habr\u00e1 paseado alguna vez por la Macro Plaza de la ciudad vecina y capital de Monterrey Nuevo Le\u00f3n. En el cruce de las calles Padre Mier y Doctor Coss existe un monumento que describe a un obrero martillando un engrane de metal, se sabe que es en honor de los obreros regiomontanos ese reconocimiento, pero, el hecho que dio origen a ese recuerdo pocos lo conocen, hoy nos ocuparemos de ello.<br \/>\nUn 29 de julio de 1936 se efect\u00faa una manifestaci\u00f3n obrera en la plaza Zaragoza de Monterrey, dicho acto termin\u00f3 en una balacera con tres muertos y decenas de heridos.<br \/>\nLa reci\u00e9n fundada CTM nacional (Febrero de 1936) nombr\u00f3 en Nuevo Le\u00f3n a Tomas Cueva como l\u00edder que organiz\u00f3 una reuni\u00f3n en la plaza Zaragoza exigiendo: Devolver los grupos de choque a guardias blancas, respeto a los sindicatos y una ley de inquilinato. Los oradores: Tomas Cueva, Antonio Moreno (Mineros metal\u00fargicos y similares) y otros m\u00e1s de alba\u00f1iles, hoteleros y estudiantes.<br \/>\nLa respuesta fue una gran trifulca frente al Casino Monterrey donde salieron a relucir: Piedras, palos, ladrillos y hasta balazos. Murieron: Feliciano Alcozer de la f\u00e1brica \u201cMuelles H\u00e9rcules\u201d, Jos\u00e9 Guadalupe Palacios de \u201cUni\u00f3n de Artes Gr\u00e1ficas\u201d y Jos\u00e9 Barcenas de la \u201cUni\u00f3n de Hoteles, cantinas y restaurantes\u201d.<br \/>\nResultaron heridos: Tomas Cueva, El Ferrocarrilero Crist\u00f3bal Reyes, Juli\u00e1n Reyes de Ladrillos Refractarios y muchos otros trabajadores regiomontanos.<br \/>\nAnte los hechos, el Gobernador Anacleto Guerrero Guajardo (oriundo de Cadereyta) que ten\u00eda tres meses en el poder orden\u00f3 detener a 525 personas entre ellos a destacados empresarios entre los cuales hab\u00eda apellidos muy conocidos como: Rodr\u00edguez, Rocha, Santos, Margar\u00edn y otros m\u00e1s que fueron trasladados al campo militar a cargo del General Juan Andrew Almaz\u00e1n.<br \/>\nSe dio la versi\u00f3n que ser\u00edan llevados a ese lugar para protegerlos, pues la turba pretend\u00eda lincharlos y m\u00e1s porque despu\u00e9s Almaz\u00e1n fue candidato a la Presidencia de la Rep\u00fablica por el Partido Revolucionario de Unificaci\u00f3n Nacional, el Partido Laborista Mexicano y el PAN contra Manuel \u00c1vila Camacho, candidato del PRM.<br \/>\nEl conflicto venia incub\u00e1ndose desde el proyecto de C\u00f3digo Laboral Federal de la COPARMEX que impugn\u00f3 en 1931 el Presidente Pascual Ortiz Rubio. El operador de la incitativa fue el Secretario de Intendencia y Comercio y Trabajo Aar\u00f3n S\u00e1ez que acababa de ser Gobernador de Nuevo Le\u00f3n. Este C\u00f3digo Laboral fue aprobado por la C\u00e1mara de Diputados Federales y los patrones encabezados por Luis G. Sada y Joel Rocha quienes pretend\u00edan que el Gral. Pascual Ortiz Rubio vetara esa ley.<br \/>\nAmbos (Sada y Rocha) ten\u00edan el respaldo del influyente peri\u00f3dico \u201cExc\u00e9lsior\u201d que dirig\u00eda el tambi\u00e9n empresario nuevo leones Manuel L. Barrag\u00e1n. As\u00ed que, enfrascados en el debate nacional estaban empresarios locales y el m\u00e1s importante peri\u00f3dico nacional contra el Presidente C\u00e1rdenas y el ex Gobernador Aar\u00f3n S\u00e1ez.<br \/>\nLa gota que derram\u00f3 el vaso fue la huelga de vidriera Monterrey (1 de febrero de 1936) a unos d\u00edas de la fundaci\u00f3n de la CTM nacional (24 de febrero del mismo a\u00f1o) que oblig\u00f3 al Presidente C\u00e1rdenas a estar presente en Monterrey, pues el saliente Gobernador Gregorio Morales se declar\u00f3 rebasado por aquel conflicto.<br \/>\nDurante cuatro d\u00edas C\u00e1rdenas platic\u00f3 con las dos partes y antes de regresar a M\u00e9xico expuso 14 puntos que destacaban que: Los conflictos laborales deber\u00edan resolverse en los tribunales especializados lo cual sub\u00eda a\u00fan m\u00e1s la ret\u00f3rica del acalorado debate, sobreviniendo meses despu\u00e9s la tragedia que hoy recordamos en el lapso de 1934 a 1940 en Monterrey Nuevo Le\u00f3n.<br \/>\nAs\u00ed que amable lector si usted ronda por las cercan\u00edas de este lugar haga un recuerdo de los obreros fallecidos y de otros muchos m\u00e1s que no quedaron en el registro de aquel lamentable acontecimiento.<br \/>\nGracias<\/p>\n","protected":false},"excerpt":{"rendered":"<p>Por: Dr. Jos\u00e9 Ascenci\u00f3n Tijerina Flores Seguramente estimado lector, usted habr\u00e1 paseado alguna vez por la Macro Plaza de la ciudad vecina y capital de Monterrey Nuevo Le\u00f3n. En el cruce de las calles Padre Mier y Doctor Coss existe un monumento que describe a un obrero martillando un engrane de metal, se sabe que [&hellip;]<\/p>\n","protected":false},"author":9,"featured_media":2747,"comment_status":"open","ping_status":"closed","sticky":false,"template":"","format":"standard","meta":{"footnotes":""},"categories":[1],"tags":[879],"class_list":["post-2745","post","type-post","status-publish","format-standard","has-post-thumbnail","hentry","category-noticias","tag-dr-jose-ascencion-tijerina-flores"],"_links":{"self":[{"href":"https:\/\/laultimapalabra.com.mx\/portal\/wp-json\/wp\/v2\/posts\/2745","targetHints":{"allow":["GET"]}}],"collection":[{"href":"https:\/\/laultimapalabra.com.mx\/portal\/wp-json\/wp\/v2\/posts"}],"about":[{"href":"https:\/\/laultimapalabra.com.mx\/portal\/wp-json\/wp\/v2\/types\/post"}],"author":[{"embeddable":true,"href":"https:\/\/laultimapalabra.com.mx\/portal\/wp-json\/wp\/v2\/users\/9"}],"replies":[{"embeddable":true,"href":"https:\/\/laultimapalabra.com.mx\/portal\/wp-json\/wp\/v2\/comments?post=2745"}],"version-history":[{"count":1,"href":"https:\/\/laultimapalabra.com.mx\/portal\/wp-json\/wp\/v2\/posts\/2745\/revisions"}],"predecessor-version":[{"id":64489,"href":"https:\/\/laultimapalabra.com.mx\/portal\/wp-json\/wp\/v2\/posts\/2745\/revisions\/64489"}],"wp:featuredmedia":[{"embeddable":true,"href":"https:\/\/laultimapalabra.com.mx\/portal\/wp-json\/"}],"wp:attachment":[{"href":"https:\/\/laultimapalabra.com.mx\/portal\/wp-json\/wp\/v2\/media?parent=2745"}],"wp:term":[{"taxonomy":"category","embeddable":true,"href":"https:\/\/laultimapalabra.com.mx\/portal\/wp-json\/wp\/v2\/categories?post=2745"},{"taxonomy":"post_tag","embeddable":true,"href":"https:\/\/laultimapalabra.com.mx\/portal\/wp-json\/wp\/v2\/tags?post=2745"}],"curies":[{"name":"wp","href":"https:\/\/api.w.org\/{rel}","templated":true}]}}