                       {"id":275,"date":"2018-02-08T23:08:20","date_gmt":"2018-02-08T23:08:20","guid":{"rendered":"http:\/\/laultimapalabra.info\/?p=275"},"modified":"2024-12-11T08:36:55","modified_gmt":"2024-12-11T14:36:55","slug":"se-registra-esposa-de-ambriz-por-na","status":"publish","type":"post","link":"https:\/\/laultimapalabra.com.mx\/portal\/se-registra-esposa-de-ambriz-por-na\/","title":{"rendered":"Se registra esposa de Ambriz por NA"},"content":{"rendered":"<p style=\"text-align: justify;\"><img loading=\"lazy\" decoding=\"async\" class=\"size-medium wp-image-276 alignleft\" src=\"https:\/\/laultimapalabra.com.mx\/portal\/wp-content\/uploads\/2018\/02\/fc701412-44e8-480b-8fe8-e6a7716dd2fc-300x169.jpg\" alt=\"\" width=\"300\" height=\"169\" \/>Miguel Oscar P\u00e9rez<\/p>\n<p style=\"text-align: justify;\">CD. BENITO JU\u00c1REZ, N.L.-La noticia no fue agradable para muchos juarenses, sin embargo haciendo uso de su derecho constitucional, se registr\u00f3 como precandidata para la alcald\u00eda de Ju\u00e1rez, Mirtha Garza de Ambriz, el alcalde m\u00e1s cuestionado en la historia de Ju\u00e1rez, que mantiene a\u00fan sus cuentas atoradas por corrupci\u00f3n.<br \/>\nGarza de Ambriz no va como aspirante \u00fanica, ya que tambi\u00e9n se registr\u00f3 para ese puesto Guadalupe D\u00edaz y ser\u00e1 el consejo quien definir\u00e1 por quien se inclinar\u00e1 la balanza para ser la abanderada de Nueva Alianza.<br \/>\nLa esposa der Rodolfo Ambriz, quien no tuvo precisamente una figura sensible en el DIF que presidi\u00f3, ofreci\u00f3 aterrizar programas sociales y dijo confiar en ser la elegida para la candidatura por el Partido Nueva Alianza.<br \/>\n&#8220;Falta un gobierno sensible, si el gobierno no se pone en los zapatos de los ciudadanos dif\u00edcilmente podr\u00e1 resolver sus necesidades. Es necesario m\u00e1s infraestructura social y eso es lo que vamos a ofrecer&#8221;, expres\u00f3 Mirtha Garza Cant\u00fa.<br \/>\nDiversas opiniones no muy favorables para sus aspiraciones despert\u00f3 la noticia de su registro en esta ciudad, acusando que fue durante su gesti\u00f3n cuando menos apoyos di\u00f3 el DIF a las personas con capacidades diferentes y adem\u00e1s del recorte sufrido en las despensas del adulto mayor.<\/p>\n","protected":false},"excerpt":{"rendered":"<p>Miguel Oscar P\u00e9rez CD. BENITO JU\u00c1REZ, N.L.-La noticia no fue agradable para muchos juarenses, sin embargo haciendo uso de su derecho constitucional, se registr\u00f3 como precandidata para la alcald\u00eda de Ju\u00e1rez, Mirtha Garza de Ambriz, el alcalde m\u00e1s cuestionado en la historia de Ju\u00e1rez, que mantiene a\u00fan sus cuentas atoradas por corrupci\u00f3n. Garza de Ambriz [&hellip;]<\/p>\n","protected":false},"author":9,"featured_media":276,"comment_status":"open","ping_status":"closed","sticky":false,"template":"","format":"standard","meta":{"footnotes":""},"categories":[18],"tags":[1548,1634],"class_list":["post-275","post","type-post","status-publish","format-standard","has-post-thumbnail","hentry","category-locales-juarez","tag-mirtha-garza-de-ambriz","tag-nueva-alianza"],"_links":{"self":[{"href":"https:\/\/laultimapalabra.com.mx\/portal\/wp-json\/wp\/v2\/posts\/275","targetHints":{"allow":["GET"]}}],"collection":[{"href":"https:\/\/laultimapalabra.com.mx\/portal\/wp-json\/wp\/v2\/posts"}],"about":[{"href":"https:\/\/laultimapalabra.com.mx\/portal\/wp-json\/wp\/v2\/types\/post"}],"author":[{"embeddable":true,"href":"https:\/\/laultimapalabra.com.mx\/portal\/wp-json\/wp\/v2\/users\/9"}],"replies":[{"embeddable":true,"href":"https:\/\/laultimapalabra.com.mx\/portal\/wp-json\/wp\/v2\/comments?post=275"}],"version-history":[{"count":1,"href":"https:\/\/laultimapalabra.com.mx\/portal\/wp-json\/wp\/v2\/posts\/275\/revisions"}],"predecessor-version":[{"id":63209,"href":"https:\/\/laultimapalabra.com.mx\/portal\/wp-json\/wp\/v2\/posts\/275\/revisions\/63209"}],"wp:featuredmedia":[{"embeddable":true,"href":"https:\/\/laultimapalabra.com.mx\/portal\/wp-json\/"}],"wp:attachment":[{"href":"https:\/\/laultimapalabra.com.mx\/portal\/wp-json\/wp\/v2\/media?parent=275"}],"wp:term":[{"taxonomy":"category","embeddable":true,"href":"https:\/\/laultimapalabra.com.mx\/portal\/wp-json\/wp\/v2\/categories?post=275"},{"taxonomy":"post_tag","embeddable":true,"href":"https:\/\/laultimapalabra.com.mx\/portal\/wp-json\/wp\/v2\/tags?post=275"}],"curies":[{"name":"wp","href":"https:\/\/api.w.org\/{rel}","templated":true}]}}