                       {"id":27618,"date":"2022-04-14T14:54:02","date_gmt":"2022-04-14T20:54:02","guid":{"rendered":"https:\/\/laultimapalabra.com.mx\/portal\/?p=27618"},"modified":"2024-12-11T11:16:15","modified_gmt":"2024-12-11T17:16:15","slug":"comparte-parroco-de-san-juan-bautista-actividades-de-dias-santos","status":"publish","type":"post","link":"https:\/\/laultimapalabra.com.mx\/portal\/comparte-parroco-de-san-juan-bautista-actividades-de-dias-santos\/","title":{"rendered":"Comparte P\u00e1rroco de San Juan Bautista actividades de D\u00edas Santos"},"content":{"rendered":"<p><img loading=\"lazy\" decoding=\"async\" class=\"size-medium wp-image-27622 alignleft\" src=\"https:\/\/laultimapalabra.com.mx\/portal\/wp-content\/uploads\/2022\/04\/IMG-20220414-WA0013-300x169.jpg\" alt=\"\" width=\"300\" height=\"169\" srcset=\"https:\/\/laultimapalabra.com.mx\/portal\/wp-content\/uploads\/2022\/04\/IMG-20220414-WA0013-300x169.jpg 300w, https:\/\/laultimapalabra.com.mx\/portal\/wp-content\/uploads\/2022\/04\/IMG-20220414-WA0013-1024x576.jpg 1024w, https:\/\/laultimapalabra.com.mx\/portal\/wp-content\/uploads\/2022\/04\/IMG-20220414-WA0013-768x432.jpg 768w, https:\/\/laultimapalabra.com.mx\/portal\/wp-content\/uploads\/2022\/04\/IMG-20220414-WA0013-1536x864.jpg 1536w, https:\/\/laultimapalabra.com.mx\/portal\/wp-content\/uploads\/2022\/04\/IMG-20220414-WA0013.jpg 1599w\" sizes=\"auto, (max-width: 300px) 100vw, 300px\" \/>Cadereyta Jim\u00e9nez, N.L.- El padre Fernando Torres, P\u00e1rroco de la iglesia San Juan Bautista\u00a0 en Cadereyta, dio a conocer el programa de actividades en estos d\u00edas santos, el cual puede usted conocer a trav\u00e9s de sus redes sociales.<\/p>\n<p>Donde hoy Jueves, resalt\u00f3 el concepto Jueves de la Caridad, d\u00eda en el que se reciben alimentos de particulares, instituciones y organismos de Gobierno para ser repartido entre quienes no tengan qu\u00e9 comer.<\/p>\n<p>Por lo cual, tanto a quienes quieran donar como a quienes les haga falta alimento, pueden acercarse a la parroquia para lo pertinente, resaltando que ya fueron repartidas 50 comidas en el Asilo de Ancianos de Cadereyta entre los hu\u00e9spedes y el personal de esta instituci\u00f3n.<\/p>\n","protected":false},"excerpt":{"rendered":"<p>Cadereyta Jim\u00e9nez, N.L.- El padre Fernando Torres, P\u00e1rroco de la iglesia San Juan Bautista\u00a0 en Cadereyta, dio a conocer el programa de actividades en estos d\u00edas santos, el cual puede usted conocer a trav\u00e9s de sus redes sociales. Donde hoy Jueves, resalt\u00f3 el concepto Jueves de la Caridad, d\u00eda en el que se reciben alimentos [&hellip;]<\/p>\n","protected":false},"author":9,"featured_media":27621,"comment_status":"closed","ping_status":"closed","sticky":false,"template":"","format":"standard","meta":{"footnotes":""},"categories":[17],"tags":[3595,3076,4164,4124],"class_list":["post-27618","post","type-post","status-publish","format-standard","has-post-thumbnail","hentry","category-locales-cadereyta","tag-cadereyta-nl","tag-fuente-la-ultima-palabra","tag-iglesia-san-juan-bautista","tag-semana-santa"],"_links":{"self":[{"href":"https:\/\/laultimapalabra.com.mx\/portal\/wp-json\/wp\/v2\/posts\/27618","targetHints":{"allow":["GET"]}}],"collection":[{"href":"https:\/\/laultimapalabra.com.mx\/portal\/wp-json\/wp\/v2\/posts"}],"about":[{"href":"https:\/\/laultimapalabra.com.mx\/portal\/wp-json\/wp\/v2\/types\/post"}],"author":[{"embeddable":true,"href":"https:\/\/laultimapalabra.com.mx\/portal\/wp-json\/wp\/v2\/users\/9"}],"replies":[{"embeddable":true,"href":"https:\/\/laultimapalabra.com.mx\/portal\/wp-json\/wp\/v2\/comments?post=27618"}],"version-history":[{"count":3,"href":"https:\/\/laultimapalabra.com.mx\/portal\/wp-json\/wp\/v2\/posts\/27618\/revisions"}],"predecessor-version":[{"id":76136,"href":"https:\/\/laultimapalabra.com.mx\/portal\/wp-json\/wp\/v2\/posts\/27618\/revisions\/76136"}],"wp:featuredmedia":[{"embeddable":true,"href":"https:\/\/laultimapalabra.com.mx\/portal\/wp-json\/wp\/v2\/media\/27621"}],"wp:attachment":[{"href":"https:\/\/laultimapalabra.com.mx\/portal\/wp-json\/wp\/v2\/media?parent=27618"}],"wp:term":[{"taxonomy":"category","embeddable":true,"href":"https:\/\/laultimapalabra.com.mx\/portal\/wp-json\/wp\/v2\/categories?post=27618"},{"taxonomy":"post_tag","embeddable":true,"href":"https:\/\/laultimapalabra.com.mx\/portal\/wp-json\/wp\/v2\/tags?post=27618"}],"curies":[{"name":"wp","href":"https:\/\/api.w.org\/{rel}","templated":true}]}}